{"id":11566,"date":"2024-11-22T19:32:09","date_gmt":"2024-11-23T01:32:09","guid":{"rendered":"https:\/\/www.radiointeractivo.com.mx\/?p=11566"},"modified":"2024-11-22T19:32:10","modified_gmt":"2024-11-23T01:32:10","slug":"con-certidumbre-tamaulipas-elegira-jueces-y-magistrados-americo","status":"publish","type":"post","link":"https:\/\/www.radiointeractivo.com.mx\/?p=11566","title":{"rendered":"Con certidumbre, Tamaulipas elegir\u00e1 jueces y magistrados: Am\u00e9rico"},"content":{"rendered":"\n<figure class=\"wp-block-image size-large\"><img loading=\"lazy\" decoding=\"async\" width=\"1024\" height=\"683\" src=\"https:\/\/www.radiointeractivo.com.mx\/wp-content\/uploads\/2024\/11\/WhatsApp-Image-2024-11-21-at-10.26.03-PM-1024x683.jpeg\" alt=\"\" class=\"wp-image-11567\" srcset=\"https:\/\/www.radiointeractivo.com.mx\/wp-content\/uploads\/2024\/11\/WhatsApp-Image-2024-11-21-at-10.26.03-PM-1024x683.jpeg 1024w, https:\/\/www.radiointeractivo.com.mx\/wp-content\/uploads\/2024\/11\/WhatsApp-Image-2024-11-21-at-10.26.03-PM-300x200.jpeg 300w, https:\/\/www.radiointeractivo.com.mx\/wp-content\/uploads\/2024\/11\/WhatsApp-Image-2024-11-21-at-10.26.03-PM-768x512.jpeg 768w, https:\/\/www.radiointeractivo.com.mx\/wp-content\/uploads\/2024\/11\/WhatsApp-Image-2024-11-21-at-10.26.03-PM.jpeg 1440w\" sizes=\"auto, (max-width: 1024px) 100vw, 1024px\" \/><\/figure>\n\n\n\n<p>Por: Agencias<\/p>\n\n\n\n<p>Ciudad Victoria, Tamaulipas.- En Tamaulipas est\u00e1 abierta la inscripci\u00f3n para quienes aspiran a participar en la elecci\u00f3n de magistrados y jueces federales y, desde los poderes Ejecutivo y Legislativo, se alienta la participaci\u00f3n para la renovaci\u00f3n del Poder Judicial, expres\u00f3 el gobernador Am\u00e9rico Villarreal Anaya.<\/p>\n\n\n\n<p>\u201cHacemos una invitaci\u00f3n cordial a que se sigan inscribiendo en este momento a quienes aspiren a una posici\u00f3n federal\u201d, dijo el mandatario tamaulipeco, quien destac\u00f3 que Tamaulipas es una de las primeras entidades del pa\u00eds que ya aprob\u00f3 en el Congreso del Estado sumarse a la reforma del Poder Judicial tambi\u00e9n en la entidad.<\/p>\n\n\n\n<p>\u201cYa se public\u00f3 en el Diario Oficial que Tamaulipas se suma a la reforma del Poder Judicial y, muy importantemente, vamos al cien por ciento en el 2025; o sea, en el 2025 vamos a hacer una renovaci\u00f3n de magistrados y jueces que, desde el punto de vista local, laboran en nuestra entidad para de una vez estar nosotros en la plenitud de esta reforma judicial\u201d, dijo.<\/p>\n\n\n\n<p>En entrevista, luego de la firma del convenio de colaboraci\u00f3n con el director nacional del INFONAVIT, Octavio Romero Oropeza, Am\u00e9rico Villarreal indic\u00f3 que Tamaulipas est\u00e1 atento a c\u00f3mo se desarrolla todo este proceso de renovaci\u00f3n del Poder Judicial, tanto en las disposiciones del Instituto Nacional Electoral, como en lo referente a lo que se va a requerir en su momento, a fin de poder concurrir juntos y darle mayor certeza a la elecci\u00f3n del a\u00f1o pr\u00f3ximo.<\/p>\n\n\n\n<p>\u201cQue podamos concurrir juntos y darle mayor certeza a este poder para el servicio de los ciudadanos con legitimidad, habiendo nosotros elegido a quienes van a impartir justicia en nuestra entidad\u201d, mencion\u00f3.<\/p>\n","protected":false},"excerpt":{"rendered":"<p>Por: Agencias Ciudad Victoria, Tamaulipas.- En Tamaulipas est\u00e1 abierta la inscripci\u00f3n para quienes aspiran a participar en la elecci\u00f3n de magistrados y jueces federales y, desde los poderes Ejecutivo y Legislativo, se alienta la participaci\u00f3n para la renovaci\u00f3n del Poder Judicial, expres\u00f3 el gobernador Am\u00e9rico Villarreal Anaya. \u201cHacemos una invitaci\u00f3n cordial a que se sigan &hellip;<\/p>\n","protected":false},"author":1,"featured_media":11567,"comment_status":"open","ping_status":"open","sticky":false,"template":"","format":"standard","meta":{"footnotes":""},"categories":[39],"tags":[],"class_list":["post-11566","post","type-post","status-publish","format-standard","has-post-thumbnail","","category-tamaulipas"],"_links":{"self":[{"href":"https:\/\/www.radiointeractivo.com.mx\/index.php?rest_route=\/wp\/v2\/posts\/11566","targetHints":{"allow":["GET"]}}],"collection":[{"href":"https:\/\/www.radiointeractivo.com.mx\/index.php?rest_route=\/wp\/v2\/posts"}],"about":[{"href":"https:\/\/www.radiointeractivo.com.mx\/index.php?rest_route=\/wp\/v2\/types\/post"}],"author":[{"embeddable":true,"href":"https:\/\/www.radiointeractivo.com.mx\/index.php?rest_route=\/wp\/v2\/users\/1"}],"replies":[{"embeddable":true,"href":"https:\/\/www.radiointeractivo.com.mx\/index.php?rest_route=%2Fwp%2Fv2%2Fcomments&post=11566"}],"version-history":[{"count":1,"href":"https:\/\/www.radiointeractivo.com.mx\/index.php?rest_route=\/wp\/v2\/posts\/11566\/revisions"}],"predecessor-version":[{"id":11568,"href":"https:\/\/www.radiointeractivo.com.mx\/index.php?rest_route=\/wp\/v2\/posts\/11566\/revisions\/11568"}],"wp:featuredmedia":[{"embeddable":true,"href":"https:\/\/www.radiointeractivo.com.mx\/index.php?rest_route=\/wp\/v2\/media\/11567"}],"wp:attachment":[{"href":"https:\/\/www.radiointeractivo.com.mx\/index.php?rest_route=%2Fwp%2Fv2%2Fmedia&parent=11566"}],"wp:term":[{"taxonomy":"category","embeddable":true,"href":"https:\/\/www.radiointeractivo.com.mx\/index.php?rest_route=%2Fwp%2Fv2%2Fcategories&post=11566"},{"taxonomy":"post_tag","embeddable":true,"href":"https:\/\/www.radiointeractivo.com.mx\/index.php?rest_route=%2Fwp%2Fv2%2Ftags&post=11566"}],"curies":[{"name":"wp","href":"https:\/\/api.w.org\/{rel}","templated":true}]}}