{"id":11525,"date":"2024-11-21T16:42:49","date_gmt":"2024-11-21T22:42:49","guid":{"rendered":"https:\/\/www.radiointeractivo.com.mx\/?p=11525"},"modified":"2024-11-21T16:42:50","modified_gmt":"2024-11-21T22:42:50","slug":"invita-turismo-a-disfrutar-el-festival-del-teqzcal-en-gonzalez","status":"publish","type":"post","link":"https:\/\/www.radiointeractivo.com.mx\/?p=11525","title":{"rendered":"Invita Turismo a disfrutar el \u201cFestival del Teqzcal\u201d en Gonz\u00e1lez"},"content":{"rendered":"\n<figure class=\"wp-block-image size-large\"><img loading=\"lazy\" decoding=\"async\" width=\"1024\" height=\"768\" src=\"https:\/\/www.radiointeractivo.com.mx\/wp-content\/uploads\/2024\/11\/WhatsApp-Image-2024-11-21-at-12.17.09-PM-1024x768.jpeg\" alt=\"\" class=\"wp-image-11526\" srcset=\"https:\/\/www.radiointeractivo.com.mx\/wp-content\/uploads\/2024\/11\/WhatsApp-Image-2024-11-21-at-12.17.09-PM-1024x768.jpeg 1024w, https:\/\/www.radiointeractivo.com.mx\/wp-content\/uploads\/2024\/11\/WhatsApp-Image-2024-11-21-at-12.17.09-PM-300x225.jpeg 300w, https:\/\/www.radiointeractivo.com.mx\/wp-content\/uploads\/2024\/11\/WhatsApp-Image-2024-11-21-at-12.17.09-PM-768x576.jpeg 768w, https:\/\/www.radiointeractivo.com.mx\/wp-content\/uploads\/2024\/11\/WhatsApp-Image-2024-11-21-at-12.17.09-PM-1536x1152.jpeg 1536w, https:\/\/www.radiointeractivo.com.mx\/wp-content\/uploads\/2024\/11\/WhatsApp-Image-2024-11-21-at-12.17.09-PM.jpeg 1600w\" sizes=\"auto, (max-width: 1024px) 100vw, 1024px\" \/><\/figure>\n\n\n\n<p>-Un recorrido para conocer m\u00e1s de este municipio, as\u00ed como del mezcal y del tequila<\/p>\n\n\n\n<p>Por: Agencias<\/p>\n\n\n\n<p>Ciudad Victoria, Tamaulipas.- La Secretar\u00eda de Turismo en Tamaulipas invit\u00f3 a disfrutar el \u201cFestival del Teqzcal\u201d en el municipio de Gonz\u00e1lez a trav\u00e9s de un amplio programa de actividades que combina el encanto del tequila y el mezcal con el folclor, m\u00fasica, gastronom\u00eda, artesan\u00edas y mucha diversi\u00f3n para todas las edades.<\/p>\n\n\n\n<p>Benjam\u00edn Hern\u00e1ndez Rodr\u00edguez, titular de la dependencia, asegur\u00f3 que con este evento se pretende atraer turismo a la regi\u00f3n, dinamizar la econom\u00eda local y promover la riqueza cultural de Gonz\u00e1lez y Tamaulipas, destacando la importancia del tequila y el mezcal como patrimonio mexicano y tamaulipeco.<\/p>\n\n\n\n<p>\u201cVamos a brindar a los visitantes, mujeres y hombres, una experiencia \u00fanica llena de sabor, m\u00fasica, tradici\u00f3n y diversi\u00f3n para todas las edades\u201d, expres\u00f3.<\/p>\n\n\n\n<p>A\u00f1adi\u00f3 que se tiene una variedad de platillos t\u00edpicos, bebidas artesanales y una gran variedad de artesan\u00edas, productos hechos a mano que reflejan el talento y la creatividad de la regi\u00f3n.<\/p>\n\n\n\n<p>Adem\u00e1s, habr\u00e1 una amplia cartelera art\u00edstica que incluye bailes folcl\u00f3ricos, m\u00fasica en vivo y muestras de danza regional para resaltar nuestro estado.<\/p>\n\n\n\n<p>Asimismo, habr\u00e1 \u00e1rea de juegos inflables totalmente gratis y actividades recreativas para los m\u00e1s peque\u00f1os del hogar, asegurando diversi\u00f3n para toda la familia.<\/p>\n\n\n\n<p>As\u00ed como espect\u00e1culos musicales en vivo que har\u00e1n vibrar a los asistentes al ritmo de la m\u00fasica local que invita a bailar y disfrutar. As\u00ed que los esperamos el 30 de noviembre y el primero de diciembre en la plaza principal de Gonz\u00e1lez, Tamaulipas, para vivir el \u201cFestival del Teqzcal\u201d.<\/p>\n","protected":false},"excerpt":{"rendered":"<p>-Un recorrido para conocer m\u00e1s de este municipio, as\u00ed como del mezcal y del tequila Por: Agencias Ciudad Victoria, Tamaulipas.- La Secretar\u00eda de Turismo en Tamaulipas invit\u00f3 a disfrutar el \u201cFestival del Teqzcal\u201d en el municipio de Gonz\u00e1lez a trav\u00e9s de un amplio programa de actividades que combina el encanto del tequila y el mezcal &hellip;<\/p>\n","protected":false},"author":1,"featured_media":11526,"comment_status":"open","ping_status":"open","sticky":false,"template":"","format":"standard","meta":{"footnotes":""},"categories":[39],"tags":[],"class_list":["post-11525","post","type-post","status-publish","format-standard","has-post-thumbnail","","category-tamaulipas"],"_links":{"self":[{"href":"https:\/\/www.radiointeractivo.com.mx\/index.php?rest_route=\/wp\/v2\/posts\/11525","targetHints":{"allow":["GET"]}}],"collection":[{"href":"https:\/\/www.radiointeractivo.com.mx\/index.php?rest_route=\/wp\/v2\/posts"}],"about":[{"href":"https:\/\/www.radiointeractivo.com.mx\/index.php?rest_route=\/wp\/v2\/types\/post"}],"author":[{"embeddable":true,"href":"https:\/\/www.radiointeractivo.com.mx\/index.php?rest_route=\/wp\/v2\/users\/1"}],"replies":[{"embeddable":true,"href":"https:\/\/www.radiointeractivo.com.mx\/index.php?rest_route=%2Fwp%2Fv2%2Fcomments&post=11525"}],"version-history":[{"count":1,"href":"https:\/\/www.radiointeractivo.com.mx\/index.php?rest_route=\/wp\/v2\/posts\/11525\/revisions"}],"predecessor-version":[{"id":11527,"href":"https:\/\/www.radiointeractivo.com.mx\/index.php?rest_route=\/wp\/v2\/posts\/11525\/revisions\/11527"}],"wp:featuredmedia":[{"embeddable":true,"href":"https:\/\/www.radiointeractivo.com.mx\/index.php?rest_route=\/wp\/v2\/media\/11526"}],"wp:attachment":[{"href":"https:\/\/www.radiointeractivo.com.mx\/index.php?rest_route=%2Fwp%2Fv2%2Fmedia&parent=11525"}],"wp:term":[{"taxonomy":"category","embeddable":true,"href":"https:\/\/www.radiointeractivo.com.mx\/index.php?rest_route=%2Fwp%2Fv2%2Fcategories&post=11525"},{"taxonomy":"post_tag","embeddable":true,"href":"https:\/\/www.radiointeractivo.com.mx\/index.php?rest_route=%2Fwp%2Fv2%2Ftags&post=11525"}],"curies":[{"name":"wp","href":"https:\/\/api.w.org\/{rel}","templated":true}]}}