{"id":11502,"date":"2024-11-21T14:18:21","date_gmt":"2024-11-21T20:18:21","guid":{"rendered":"https:\/\/www.radiointeractivo.com.mx\/?p=11502"},"modified":"2024-11-21T14:18:22","modified_gmt":"2024-11-21T20:18:22","slug":"empresarios-de-brasil-y-colombia-destacan-potencial-de-nuevo-laredo-para-establecer-plantas-de-produccion","status":"publish","type":"post","link":"https:\/\/www.radiointeractivo.com.mx\/?p=11502","title":{"rendered":"EMPRESARIOS DE BRASIL Y COLOMBIA DESTACAN POTENCIAL DE NUEVO LAREDO PARA ESTABLECER PLANTAS DE PRODUCCI\u00d3N"},"content":{"rendered":"\n<figure class=\"wp-block-image size-large\"><img loading=\"lazy\" decoding=\"async\" width=\"1024\" height=\"683\" src=\"https:\/\/www.radiointeractivo.com.mx\/wp-content\/uploads\/2024\/11\/WhatsApp-Image-2024-11-21-at-1.48.36-PM-1-1024x683.jpeg\" alt=\"\" class=\"wp-image-11503\" srcset=\"https:\/\/www.radiointeractivo.com.mx\/wp-content\/uploads\/2024\/11\/WhatsApp-Image-2024-11-21-at-1.48.36-PM-1-1024x683.jpeg 1024w, https:\/\/www.radiointeractivo.com.mx\/wp-content\/uploads\/2024\/11\/WhatsApp-Image-2024-11-21-at-1.48.36-PM-1-300x200.jpeg 300w, https:\/\/www.radiointeractivo.com.mx\/wp-content\/uploads\/2024\/11\/WhatsApp-Image-2024-11-21-at-1.48.36-PM-1-768x512.jpeg 768w, https:\/\/www.radiointeractivo.com.mx\/wp-content\/uploads\/2024\/11\/WhatsApp-Image-2024-11-21-at-1.48.36-PM-1-1536x1024.jpeg 1536w, https:\/\/www.radiointeractivo.com.mx\/wp-content\/uploads\/2024\/11\/WhatsApp-Image-2024-11-21-at-1.48.36-PM-1.jpeg 1600w\" sizes=\"auto, (max-width: 1024px) 100vw, 1024px\" \/><\/figure>\n\n\n\n<p>Por: Staff | #NuevoLaredo #Laredo #NLD #Tamaulipas<\/p>\n\n\n\n<p>El hist\u00f3rico dinamismo comercial de Nuevo Laredo, respaldado por la coordinaci\u00f3n entre los tres niveles de gobierno y la sociedad civil, as\u00ed como el auge del nearshoring, han convertido a esta frontera en un punto estrat\u00e9gico que capta la atenci\u00f3n de inversionistas internacionales.<\/p>\n\n\n\n<p>Esta semana, una delegaci\u00f3n de empresarios de Brasil y Colombia, representantes de influyentes gremios empresariales, realiz\u00f3 una visita oficial tanto a Nuevo Laredo como a Laredo, Texas, para explorar oportunidades de inversi\u00f3n en la regi\u00f3n de la mano de autoridades estatales y municipales.<\/p>\n\n\n\n<p>\u201cEst\u00e1n altamente interesados en esta zona, especialmente por el impacto global del nearshoring, y tienen como objetivo inicial establecer centros de distribuci\u00f3n y l\u00edneas de producci\u00f3n tanto en Nuevo Laredo como en Laredo, Texas,\u201d explic\u00f3 Rolando Guevara, secretario de Desarrollo Econ\u00f3mico.<\/p>\n\n\n\n<p>Durante su visita, la misi\u00f3n sudamericana sostuvo reuniones con l\u00edderes empresariales locales para conocer sus operaciones, adem\u00e1s de realizar un recorrido por el Puente del Comercio Mundial, el m\u00e1s importante de Latinoam\u00e9rica, donde observaron los procesos log\u00edsticos que gestionan el cruce diario de 16 mil tr\u00e1ileres.<\/p>\n\n\n\n<p>Como parte de los acuerdos, se anticipa que para el primer trimestre de 2025 llegar\u00e1 una delegaci\u00f3n a\u00fan m\u00e1s numerosa para evaluar proyectos concretos.<\/p>\n\n\n\n<p>El funcionario municipal refiri\u00f3 que los empresarios tienen inter\u00e9s en dos \u00e1reas principales: la creaci\u00f3n de centros de distribuci\u00f3n y el desarrollo de l\u00edneas de producci\u00f3n en sectores clave como el alimentario, m\u00e9dico y automotriz, aprovechando las ventajas econ\u00f3micas que ofrece esta regi\u00f3n.<\/p>\n","protected":false},"excerpt":{"rendered":"<p>Por: Staff | #NuevoLaredo #Laredo #NLD #Tamaulipas El hist\u00f3rico dinamismo comercial de Nuevo Laredo, respaldado por la coordinaci\u00f3n entre los tres niveles de gobierno y la sociedad civil, as\u00ed como el auge del nearshoring, han convertido a esta frontera en un punto estrat\u00e9gico que capta la atenci\u00f3n de inversionistas internacionales. Esta semana, una delegaci\u00f3n de &hellip;<\/p>\n","protected":false},"author":1,"featured_media":11504,"comment_status":"open","ping_status":"open","sticky":false,"template":"","format":"standard","meta":{"footnotes":""},"categories":[38],"tags":[],"class_list":["post-11502","post","type-post","status-publish","format-standard","has-post-thumbnail","","category-nuevo-laredo"],"_links":{"self":[{"href":"https:\/\/www.radiointeractivo.com.mx\/index.php?rest_route=\/wp\/v2\/posts\/11502","targetHints":{"allow":["GET"]}}],"collection":[{"href":"https:\/\/www.radiointeractivo.com.mx\/index.php?rest_route=\/wp\/v2\/posts"}],"about":[{"href":"https:\/\/www.radiointeractivo.com.mx\/index.php?rest_route=\/wp\/v2\/types\/post"}],"author":[{"embeddable":true,"href":"https:\/\/www.radiointeractivo.com.mx\/index.php?rest_route=\/wp\/v2\/users\/1"}],"replies":[{"embeddable":true,"href":"https:\/\/www.radiointeractivo.com.mx\/index.php?rest_route=%2Fwp%2Fv2%2Fcomments&post=11502"}],"version-history":[{"count":1,"href":"https:\/\/www.radiointeractivo.com.mx\/index.php?rest_route=\/wp\/v2\/posts\/11502\/revisions"}],"predecessor-version":[{"id":11505,"href":"https:\/\/www.radiointeractivo.com.mx\/index.php?rest_route=\/wp\/v2\/posts\/11502\/revisions\/11505"}],"wp:featuredmedia":[{"embeddable":true,"href":"https:\/\/www.radiointeractivo.com.mx\/index.php?rest_route=\/wp\/v2\/media\/11504"}],"wp:attachment":[{"href":"https:\/\/www.radiointeractivo.com.mx\/index.php?rest_route=%2Fwp%2Fv2%2Fmedia&parent=11502"}],"wp:term":[{"taxonomy":"category","embeddable":true,"href":"https:\/\/www.radiointeractivo.com.mx\/index.php?rest_route=%2Fwp%2Fv2%2Fcategories&post=11502"},{"taxonomy":"post_tag","embeddable":true,"href":"https:\/\/www.radiointeractivo.com.mx\/index.php?rest_route=%2Fwp%2Fv2%2Ftags&post=11502"}],"curies":[{"name":"wp","href":"https:\/\/api.w.org\/{rel}","templated":true}]}}