{"id":11452,"date":"2024-11-19T21:17:55","date_gmt":"2024-11-20T03:17:55","guid":{"rendered":"https:\/\/www.radiointeractivo.com.mx\/?p=11452"},"modified":"2024-11-19T21:17:56","modified_gmt":"2024-11-20T03:17:56","slug":"patrulla-fronteriza-del-sector-laredo-anuncia-los-homenajeados-del-joven-del-mes-de-noviembre","status":"publish","type":"post","link":"https:\/\/www.radiointeractivo.com.mx\/?p=11452","title":{"rendered":"Patrulla Fronteriza del Sector Laredo anuncia los homenajeados del Joven del Mes de noviembre"},"content":{"rendered":"\n<figure class=\"wp-block-image size-large\"><img loading=\"lazy\" decoding=\"async\" width=\"1024\" height=\"503\" src=\"https:\/\/www.radiointeractivo.com.mx\/wp-content\/uploads\/2024\/11\/GcxP7U5W0AEpfmp-1024x503.jpg\" alt=\"\" class=\"wp-image-11453\" srcset=\"https:\/\/www.radiointeractivo.com.mx\/wp-content\/uploads\/2024\/11\/GcxP7U5W0AEpfmp-1024x503.jpg 1024w, https:\/\/www.radiointeractivo.com.mx\/wp-content\/uploads\/2024\/11\/GcxP7U5W0AEpfmp-300x147.jpg 300w, https:\/\/www.radiointeractivo.com.mx\/wp-content\/uploads\/2024\/11\/GcxP7U5W0AEpfmp-768x377.jpg 768w, https:\/\/www.radiointeractivo.com.mx\/wp-content\/uploads\/2024\/11\/GcxP7U5W0AEpfmp-1536x754.jpg 1536w, https:\/\/www.radiointeractivo.com.mx\/wp-content\/uploads\/2024\/11\/GcxP7U5W0AEpfmp.jpg 1689w\" sizes=\"auto, (max-width: 1024px) 100vw, 1024px\" \/><\/figure>\n\n\n\n<p>Por: Agencias<\/p>\n\n\n\n<p>Laredo, Texas.- La Patrulla Fronteriza del Sector Laredo lleva a cabo el programa Joven del Mes de la Patrulla Fronteriza del Sector Laredo en noviembre. El programa est\u00e1 dise\u00f1ado para honrar y promover la excelencia acad\u00e9mica en todas las escuelas secundarias del \u00e1rea de Laredo.<\/p>\n\n\n\n<p>El 19 de noviembre, se anunciaron los 11 homenajeados de noviembre durante una ceremonia en la escuela secundaria Martin. La Patrulla Fronteriza honr\u00f3 a 11 destinatarios de las escuelas secundarias del \u00e1rea de Laredo. Los oradores invitados, el abogado Rudy Morales y el agente de patrulla a cargo Jaime Fierro, se dirigieron a los homenajeados y hablaron sobre la importancia del premio Joven del Mes y la inquebrantable dedicaci\u00f3n acad\u00e9mica necesaria para ganar un premio tan acad\u00e9mico.<\/p>\n\n\n\n<p>Este es el 38.\u00b0 a\u00f1o en que se lleva a cabo el Programa de J\u00f3venes del Mes del Sector Laredo. Felicitaciones a todos los homenajeados.<\/p>\n","protected":false},"excerpt":{"rendered":"<p>Por: Agencias Laredo, Texas.- La Patrulla Fronteriza del Sector Laredo lleva a cabo el programa Joven del Mes de la Patrulla Fronteriza del Sector Laredo en noviembre. El programa est\u00e1 dise\u00f1ado para honrar y promover la excelencia acad\u00e9mica en todas las escuelas secundarias del \u00e1rea de Laredo. El 19 de noviembre, se anunciaron los 11 &hellip;<\/p>\n","protected":false},"author":1,"featured_media":11453,"comment_status":"open","ping_status":"open","sticky":false,"template":"","format":"standard","meta":{"footnotes":""},"categories":[40],"tags":[],"class_list":["post-11452","post","type-post","status-publish","format-standard","has-post-thumbnail","","category-texas"],"_links":{"self":[{"href":"https:\/\/www.radiointeractivo.com.mx\/index.php?rest_route=\/wp\/v2\/posts\/11452","targetHints":{"allow":["GET"]}}],"collection":[{"href":"https:\/\/www.radiointeractivo.com.mx\/index.php?rest_route=\/wp\/v2\/posts"}],"about":[{"href":"https:\/\/www.radiointeractivo.com.mx\/index.php?rest_route=\/wp\/v2\/types\/post"}],"author":[{"embeddable":true,"href":"https:\/\/www.radiointeractivo.com.mx\/index.php?rest_route=\/wp\/v2\/users\/1"}],"replies":[{"embeddable":true,"href":"https:\/\/www.radiointeractivo.com.mx\/index.php?rest_route=%2Fwp%2Fv2%2Fcomments&post=11452"}],"version-history":[{"count":1,"href":"https:\/\/www.radiointeractivo.com.mx\/index.php?rest_route=\/wp\/v2\/posts\/11452\/revisions"}],"predecessor-version":[{"id":11454,"href":"https:\/\/www.radiointeractivo.com.mx\/index.php?rest_route=\/wp\/v2\/posts\/11452\/revisions\/11454"}],"wp:featuredmedia":[{"embeddable":true,"href":"https:\/\/www.radiointeractivo.com.mx\/index.php?rest_route=\/wp\/v2\/media\/11453"}],"wp:attachment":[{"href":"https:\/\/www.radiointeractivo.com.mx\/index.php?rest_route=%2Fwp%2Fv2%2Fmedia&parent=11452"}],"wp:term":[{"taxonomy":"category","embeddable":true,"href":"https:\/\/www.radiointeractivo.com.mx\/index.php?rest_route=%2Fwp%2Fv2%2Fcategories&post=11452"},{"taxonomy":"post_tag","embeddable":true,"href":"https:\/\/www.radiointeractivo.com.mx\/index.php?rest_route=%2Fwp%2Fv2%2Ftags&post=11452"}],"curies":[{"name":"wp","href":"https:\/\/api.w.org\/{rel}","templated":true}]}}