{"id":1144,"date":"2023-09-01T21:02:21","date_gmt":"2023-09-01T21:02:21","guid":{"rendered":"https:\/\/www.radiointeractivo.com.mx\/?p=1144"},"modified":"2023-09-01T21:02:22","modified_gmt":"2023-09-01T21:02:22","slug":"incidencia-de-robos-sigue-a-la-baja-en-tamaulipas","status":"publish","type":"post","link":"https:\/\/www.radiointeractivo.com.mx\/?p=1144","title":{"rendered":"Incidencia de robos sigue a la baja en Tamaulipas"},"content":{"rendered":"\n<ul class=\"wp-block-list\">\n<li>Es resultado de la estrategia de seguridad de los tres niveles de gobierno y una relevante participaci\u00f3n de la sociedad civil<\/li>\n<\/ul>\n\n\n\n<p>Por: Agencias<\/p>\n\n\n\n<p>Ciudad Victoria, Tamaulipas.- Las estad\u00edsticas indican que la incidencia de los casos de robo tanto a casa habitaci\u00f3n como a negocios van a la baja, lo cual es resultado de una estrategia de seguridad de los tres niveles de gobierno y en la cual es relevante la participaci\u00f3n de la sociedad civil en las Mesas Ciudadanas de Seguridad y Justicia, afirm\u00f3 el vocero de Seguridad del Gobierno de Tamaulipas.<\/p>\n\n\n\n<p>En su conferencia de prensa semanal, Jorge Cu\u00e9llar Montoya destac\u00f3 que la participaci\u00f3n de organismos empresariales y representantes ciudadanos es muy importante, porque adem\u00e1s de la informaci\u00f3n con que cuentan sobre hechos delictivos tambi\u00e9n aportan ideas y propuestas de soluci\u00f3n.<\/p>\n\n\n\n<p>&#8220;Est\u00e1n en esa idea de hablar bien de Victoria, de hablar bien de Tamaulipas y de juntos hacer un esfuerzo, porque la seguridad no es \u00fanicamente de una parte de la sociedad, es una responsabilidad en donde participamos todos&#8221;, expres\u00f3.<\/p>\n\n\n\n<p>Respecto a los casos de robo en Ciudad Victoria, Jorge Cu\u00e9llar indic\u00f3 que la tendencia sigue a la baja.<\/p>\n\n\n\n<p>&#8220;En la semana del 6 al 13 de agosto tuvimos afortunadamente un decremento, pasamos de nueve casos de robo a cinco, de los cuales dos fueron con violencia y tres sin violencia&#8221;, indic\u00f3.<\/p>\n\n\n\n<p>Respecto a los aseguramientos realizados la semana anterior, inform\u00f3 que hubo 18 detenidos, 42 veh\u00edculos asegurados, 36 armas de fuego y 7 veh\u00edculos blindados, adem\u00e1s de 5 mil 386 cartuchos y cargadores, 14 chalecos t\u00e1cticos y 32 poncha llantas.<\/p>\n","protected":false},"excerpt":{"rendered":"<p>Es resultado de la estrategia de seguridad de los tres niveles de gobierno y una relevante participaci\u00f3n de la sociedad civil Por: Agencias Ciudad Victoria, Tamaulipas.- Las estad\u00edsticas indican que la incidencia de los casos de robo tanto a casa habitaci\u00f3n como a negocios van a la baja, lo cual es resultado de una estrategia &hellip;<\/p>\n","protected":false},"author":1,"featured_media":1145,"comment_status":"open","ping_status":"open","sticky":false,"template":"","format":"standard","meta":{"footnotes":""},"categories":[39],"tags":[],"class_list":["post-1144","post","type-post","status-publish","format-standard","has-post-thumbnail","","category-tamaulipas"],"_links":{"self":[{"href":"https:\/\/www.radiointeractivo.com.mx\/index.php?rest_route=\/wp\/v2\/posts\/1144","targetHints":{"allow":["GET"]}}],"collection":[{"href":"https:\/\/www.radiointeractivo.com.mx\/index.php?rest_route=\/wp\/v2\/posts"}],"about":[{"href":"https:\/\/www.radiointeractivo.com.mx\/index.php?rest_route=\/wp\/v2\/types\/post"}],"author":[{"embeddable":true,"href":"https:\/\/www.radiointeractivo.com.mx\/index.php?rest_route=\/wp\/v2\/users\/1"}],"replies":[{"embeddable":true,"href":"https:\/\/www.radiointeractivo.com.mx\/index.php?rest_route=%2Fwp%2Fv2%2Fcomments&post=1144"}],"version-history":[{"count":1,"href":"https:\/\/www.radiointeractivo.com.mx\/index.php?rest_route=\/wp\/v2\/posts\/1144\/revisions"}],"predecessor-version":[{"id":1146,"href":"https:\/\/www.radiointeractivo.com.mx\/index.php?rest_route=\/wp\/v2\/posts\/1144\/revisions\/1146"}],"wp:featuredmedia":[{"embeddable":true,"href":"https:\/\/www.radiointeractivo.com.mx\/index.php?rest_route=\/wp\/v2\/media\/1145"}],"wp:attachment":[{"href":"https:\/\/www.radiointeractivo.com.mx\/index.php?rest_route=%2Fwp%2Fv2%2Fmedia&parent=1144"}],"wp:term":[{"taxonomy":"category","embeddable":true,"href":"https:\/\/www.radiointeractivo.com.mx\/index.php?rest_route=%2Fwp%2Fv2%2Fcategories&post=1144"},{"taxonomy":"post_tag","embeddable":true,"href":"https:\/\/www.radiointeractivo.com.mx\/index.php?rest_route=%2Fwp%2Fv2%2Ftags&post=1144"}],"curies":[{"name":"wp","href":"https:\/\/api.w.org\/{rel}","templated":true}]}}