{"id":11404,"date":"2024-11-18T17:51:44","date_gmt":"2024-11-18T23:51:44","guid":{"rendered":"https:\/\/www.radiointeractivo.com.mx\/?p=11404"},"modified":"2024-11-18T17:52:07","modified_gmt":"2024-11-18T23:52:07","slug":"gobierno-municipal-se-prepara-para-recibir-a-miles-de-heroes-paisanos-en-temporada-navidena","status":"publish","type":"post","link":"https:\/\/www.radiointeractivo.com.mx\/?p=11404","title":{"rendered":"GOBIERNO MUNICIPAL SE PREPARA PARA RECIBIR A MILES DE H\u00c9ROES PAISANOS EN TEMPORADA NAVIDE\u00d1A"},"content":{"rendered":"\n<figure class=\"wp-block-image size-large\"><img loading=\"lazy\" decoding=\"async\" width=\"1024\" height=\"576\" src=\"https:\/\/www.radiointeractivo.com.mx\/wp-content\/uploads\/2024\/11\/WhatsApp-Image-2024-11-18-at-12.50.30-PM-1024x576.jpeg\" alt=\"\" class=\"wp-image-11405\" srcset=\"https:\/\/www.radiointeractivo.com.mx\/wp-content\/uploads\/2024\/11\/WhatsApp-Image-2024-11-18-at-12.50.30-PM-1024x576.jpeg 1024w, https:\/\/www.radiointeractivo.com.mx\/wp-content\/uploads\/2024\/11\/WhatsApp-Image-2024-11-18-at-12.50.30-PM-300x169.jpeg 300w, https:\/\/www.radiointeractivo.com.mx\/wp-content\/uploads\/2024\/11\/WhatsApp-Image-2024-11-18-at-12.50.30-PM-768x432.jpeg 768w, https:\/\/www.radiointeractivo.com.mx\/wp-content\/uploads\/2024\/11\/WhatsApp-Image-2024-11-18-at-12.50.30-PM.jpeg 1280w\" sizes=\"auto, (max-width: 1024px) 100vw, 1024px\" \/><\/figure>\n\n\n\n<p>Por: Staff | #NuevoLaredo #Laredo #NLD #Tamaulipas<\/p>\n\n\n\n<p>De la mano de distintas dependencias estatales y federales, el Gobierno Municipal se prepara para recibir a los miles de H\u00e9roes Paisanos que durante la temporada navide\u00f1a, cruzar\u00e1n por Nuevo Laredo en ruta hacia sus lugares de origen.<\/p>\n\n\n\n<p>\u201cSiempre en coordinaci\u00f3n, trabajando de la mano de todos los cuerpos de seguridad, del gobierno federal, estatal y por supuesto del gobierno municipal, esperando el arribo de nuestro H\u00e9roes Paisanos\u201d, se\u00f1al\u00f3 el secretario del Ayuntamiento Juan \u00c1ngel Mart\u00ednez Salazar.<\/p>\n\n\n\n<p>Previo a una reuni\u00f3n donde participar\u00e1n todas las entidades involucradas, este programa tiene como fecha para iniciar el pr\u00f3ximo domingo 24 de noviembre y concluir la segunda semana de enero, pasada la festividad del D\u00eda de Reyes.<\/p>\n\n\n\n<p>Con la finalidad de que su estancia sea placentera en su paso por Nuevo Laredo, el Gobierno Municipal como en a\u00f1os anteriores, tiene contemplada una serie de festejos en honor de estos invitados.<\/p>\n\n\n\n<p>\u201cVamos a preparar a trav\u00e9s de la Direcci\u00f3n de Cultura algunas amenidades, en el CITEV para hacer m\u00e1s c\u00f3moda su espera\u201d, dijo el secretario del Ayuntamiento, quien agreg\u00f3 que en esta jornada tambi\u00e9n participar\u00e1 la Direcci\u00f3n de Turismo promocionando sitios de inter\u00e9s de la ciudad.<\/p>\n\n\n\n<p>En este operativo participar\u00e1n varias dependencias como el Instituto Nacional de Migraci\u00f3n (INM), Guardia Nacional y Estatal y de parte del Gobierno municipal, Protecci\u00f3n Civil y Bomberos (DPCyB), Guardia Municipal, Direcci\u00f3n de Tr\u00e1nsito y Vialidad (DTyV), entre otras.<\/p>\n\n\n\n<p>Esta \u00faltima se encargar\u00e1 de dar celeridad y seguridad a los m\u00e1s de 15 mil veh\u00edculos que se espera pasen y en el regreso por la Ciudad durante esta temporada.<\/p>\n\n\n\n<p>\u201cNuestra presidenta Carmen Lilia Canturosas, nos ha dado la instrucci\u00f3n de estar al pendiente de programa, de orientar a los paisanos, de apoyarlos en caso de alguna falla mec\u00e1nica, con el de que sientan seguros y que ellos mismos llevan el mensaje de que esta frontera es muy segura y \u00e1gil para cruzar\u201d, mencion\u00f3 Armando de la Torre Toledo, titular de DTyV.<\/p>\n\n\n\n<p>Explic\u00f3 que espera la primera ola de paisanos durante este viernes y se ir\u00e1 incrementando a partir de la \u00faltima semana de noviembre y todo el mes de diciembre.<\/p>\n","protected":false},"excerpt":{"rendered":"<p>Por: Staff | #NuevoLaredo #Laredo #NLD #Tamaulipas De la mano de distintas dependencias estatales y federales, el Gobierno Municipal se prepara para recibir a los miles de H\u00e9roes Paisanos que durante la temporada navide\u00f1a, cruzar\u00e1n por Nuevo Laredo en ruta hacia sus lugares de origen. \u201cSiempre en coordinaci\u00f3n, trabajando de la mano de todos los &hellip;<\/p>\n","protected":false},"author":1,"featured_media":11406,"comment_status":"open","ping_status":"open","sticky":false,"template":"","format":"standard","meta":{"footnotes":""},"categories":[38],"tags":[],"class_list":["post-11404","post","type-post","status-publish","format-standard","has-post-thumbnail","","category-nuevo-laredo"],"_links":{"self":[{"href":"https:\/\/www.radiointeractivo.com.mx\/index.php?rest_route=\/wp\/v2\/posts\/11404","targetHints":{"allow":["GET"]}}],"collection":[{"href":"https:\/\/www.radiointeractivo.com.mx\/index.php?rest_route=\/wp\/v2\/posts"}],"about":[{"href":"https:\/\/www.radiointeractivo.com.mx\/index.php?rest_route=\/wp\/v2\/types\/post"}],"author":[{"embeddable":true,"href":"https:\/\/www.radiointeractivo.com.mx\/index.php?rest_route=\/wp\/v2\/users\/1"}],"replies":[{"embeddable":true,"href":"https:\/\/www.radiointeractivo.com.mx\/index.php?rest_route=%2Fwp%2Fv2%2Fcomments&post=11404"}],"version-history":[{"count":1,"href":"https:\/\/www.radiointeractivo.com.mx\/index.php?rest_route=\/wp\/v2\/posts\/11404\/revisions"}],"predecessor-version":[{"id":11407,"href":"https:\/\/www.radiointeractivo.com.mx\/index.php?rest_route=\/wp\/v2\/posts\/11404\/revisions\/11407"}],"wp:featuredmedia":[{"embeddable":true,"href":"https:\/\/www.radiointeractivo.com.mx\/index.php?rest_route=\/wp\/v2\/media\/11406"}],"wp:attachment":[{"href":"https:\/\/www.radiointeractivo.com.mx\/index.php?rest_route=%2Fwp%2Fv2%2Fmedia&parent=11404"}],"wp:term":[{"taxonomy":"category","embeddable":true,"href":"https:\/\/www.radiointeractivo.com.mx\/index.php?rest_route=%2Fwp%2Fv2%2Fcategories&post=11404"},{"taxonomy":"post_tag","embeddable":true,"href":"https:\/\/www.radiointeractivo.com.mx\/index.php?rest_route=%2Fwp%2Fv2%2Ftags&post=11404"}],"curies":[{"name":"wp","href":"https:\/\/api.w.org\/{rel}","templated":true}]}}