{"id":1138,"date":"2023-09-01T21:00:30","date_gmt":"2023-09-01T21:00:30","guid":{"rendered":"https:\/\/www.radiointeractivo.com.mx\/?p=1138"},"modified":"2023-09-01T21:00:31","modified_gmt":"2023-09-01T21:00:31","slug":"al-pie-de-la-sierra-madre-celebraran-el-5to-festival-fumex-en-ciudad-victoria","status":"publish","type":"post","link":"https:\/\/www.radiointeractivo.com.mx\/?p=1138","title":{"rendered":"Al pie de la Sierra Madre, celebrar\u00e1n el \u201c5to Festival FUMEX\u201d en Ciudad Victoria"},"content":{"rendered":"\n<p>Por: Agencias<\/p>\n\n\n\n<p>Ciudad Victoria, Tamaulipas. &#8211; M\u00e1s de 20 grupos de folklore se presentar\u00e1n en el &#8220;5to Festival FUMEX, al pie de la Sierra Madre&#8221;, evento que es organizado en colaboraci\u00f3n entre el Instituto Tamaulipeco para la Cultura y las Artes (ITCA) a cargo de Brenda Denisse de la Cruz L\u00f3pez y la asociaci\u00f3n Folkloristas Unidos de M\u00e9xico (FUMEX).<\/p>\n\n\n\n<p>Por ello, convocan a la ciudadan\u00eda victorense y a los visitantes a acudir a esta celebraci\u00f3n que se llevar\u00e1 a cabo en la explanada del Centro Cultural Tamaulipas, los d\u00edas viernes 18 y s\u00e1bado 19 de agosto a las 17:00 horas.<\/p>\n\n\n\n<p>\u201cEste festival no solo es un escaparate del talento art\u00edstico y folkl\u00f3rico de nuestra regi\u00f3n, sino que tambi\u00e9n representa un esfuerzo conjunto para preservar y celebrar la cultura; la majestuosa Sierra Madre servir\u00e1 como tel\u00f3n de fondo para este evento, que busca honrar nuestras ra\u00edces y unir a nuestra comunidad en un ambiente de alegr\u00eda y camarader\u00eda\u201d, expres\u00f3 de la Cruz L\u00f3pez.<\/p>\n\n\n\n<p>Reiter\u00f3 que son m\u00e1s de 20 grupos de folklore provenientes de diferentes municipios tamaulipeco que se presentar\u00e1n en el escenario, demostrando la riqueza y diversidad de las expresiones culturales y estiman la participaci\u00f3n de m\u00e1s de 300 talentosos bailarines y maestros, por lo cual el festival promete ser un despliegue de talento y pasi\u00f3n que cautivar\u00e1 a todos los asistentes.<\/p>\n\n\n\n<p>\u201cEsta celebraci\u00f3n es posible gracias al compromiso del gobierno estatal y la asociaci\u00f3n FUMEX, en la preservaci\u00f3n y promoci\u00f3n de las tradiciones. Juntos, trabajan para asegurar que las ra\u00edces culturales de Tamaulipas, perduren en el tiempo y se compartan con las futuras generaciones\u201d, se\u00f1al\u00f3 la funcionaria estatal.<\/p>\n\n\n\n<p>El ITCA y FUMEX reiteran la invitaci\u00f3n a la poblaci\u00f3n, a que acuda a disfrutar de este espect\u00e1culo que fomenta y promueve la danza folkl\u00f3rica mexicana.<\/p>\n","protected":false},"excerpt":{"rendered":"<p>Por: Agencias Ciudad Victoria, Tamaulipas. &#8211; M\u00e1s de 20 grupos de folklore se presentar\u00e1n en el &#8220;5to Festival FUMEX, al pie de la Sierra Madre&#8221;, evento que es organizado en colaboraci\u00f3n entre el Instituto Tamaulipeco para la Cultura y las Artes (ITCA) a cargo de Brenda Denisse de la Cruz L\u00f3pez y la asociaci\u00f3n Folkloristas &hellip;<\/p>\n","protected":false},"author":1,"featured_media":1139,"comment_status":"open","ping_status":"open","sticky":false,"template":"","format":"standard","meta":{"footnotes":""},"categories":[39],"tags":[],"class_list":["post-1138","post","type-post","status-publish","format-standard","has-post-thumbnail","","category-tamaulipas"],"_links":{"self":[{"href":"https:\/\/www.radiointeractivo.com.mx\/index.php?rest_route=\/wp\/v2\/posts\/1138","targetHints":{"allow":["GET"]}}],"collection":[{"href":"https:\/\/www.radiointeractivo.com.mx\/index.php?rest_route=\/wp\/v2\/posts"}],"about":[{"href":"https:\/\/www.radiointeractivo.com.mx\/index.php?rest_route=\/wp\/v2\/types\/post"}],"author":[{"embeddable":true,"href":"https:\/\/www.radiointeractivo.com.mx\/index.php?rest_route=\/wp\/v2\/users\/1"}],"replies":[{"embeddable":true,"href":"https:\/\/www.radiointeractivo.com.mx\/index.php?rest_route=%2Fwp%2Fv2%2Fcomments&post=1138"}],"version-history":[{"count":1,"href":"https:\/\/www.radiointeractivo.com.mx\/index.php?rest_route=\/wp\/v2\/posts\/1138\/revisions"}],"predecessor-version":[{"id":1140,"href":"https:\/\/www.radiointeractivo.com.mx\/index.php?rest_route=\/wp\/v2\/posts\/1138\/revisions\/1140"}],"wp:featuredmedia":[{"embeddable":true,"href":"https:\/\/www.radiointeractivo.com.mx\/index.php?rest_route=\/wp\/v2\/media\/1139"}],"wp:attachment":[{"href":"https:\/\/www.radiointeractivo.com.mx\/index.php?rest_route=%2Fwp%2Fv2%2Fmedia&parent=1138"}],"wp:term":[{"taxonomy":"category","embeddable":true,"href":"https:\/\/www.radiointeractivo.com.mx\/index.php?rest_route=%2Fwp%2Fv2%2Fcategories&post=1138"},{"taxonomy":"post_tag","embeddable":true,"href":"https:\/\/www.radiointeractivo.com.mx\/index.php?rest_route=%2Fwp%2Fv2%2Ftags&post=1138"}],"curies":[{"name":"wp","href":"https:\/\/api.w.org\/{rel}","templated":true}]}}