{"id":11310,"date":"2024-11-14T15:41:30","date_gmt":"2024-11-14T21:41:30","guid":{"rendered":"https:\/\/www.radiointeractivo.com.mx\/?p=11310"},"modified":"2024-11-14T15:41:31","modified_gmt":"2024-11-14T21:41:31","slug":"revisan-niveles-de-glucosa-a-ciudadania-en-el-dia-mundial-de-la-diabetes","status":"publish","type":"post","link":"https:\/\/www.radiointeractivo.com.mx\/?p=11310","title":{"rendered":"REVISAN NIVELES DE GLUCOSA A CIUDADAN\u00cdA EN EL D\u00cdA MUNDIAL DE LA DIABETES"},"content":{"rendered":"\n<figure class=\"wp-block-image size-large\"><img loading=\"lazy\" decoding=\"async\" width=\"1024\" height=\"684\" src=\"https:\/\/www.radiointeractivo.com.mx\/wp-content\/uploads\/2024\/11\/WhatsApp-Image-2024-11-14-at-12.58.43-PM-1024x684.jpeg\" alt=\"\" class=\"wp-image-11311\" srcset=\"https:\/\/www.radiointeractivo.com.mx\/wp-content\/uploads\/2024\/11\/WhatsApp-Image-2024-11-14-at-12.58.43-PM-1024x684.jpeg 1024w, https:\/\/www.radiointeractivo.com.mx\/wp-content\/uploads\/2024\/11\/WhatsApp-Image-2024-11-14-at-12.58.43-PM-300x200.jpeg 300w, https:\/\/www.radiointeractivo.com.mx\/wp-content\/uploads\/2024\/11\/WhatsApp-Image-2024-11-14-at-12.58.43-PM-768x513.jpeg 768w, https:\/\/www.radiointeractivo.com.mx\/wp-content\/uploads\/2024\/11\/WhatsApp-Image-2024-11-14-at-12.58.43-PM-1536x1026.jpeg 1536w, https:\/\/www.radiointeractivo.com.mx\/wp-content\/uploads\/2024\/11\/WhatsApp-Image-2024-11-14-at-12.58.43-PM.jpeg 1600w\" sizes=\"auto, (max-width: 1024px) 100vw, 1024px\" \/><\/figure>\n\n\n\n<p>Por: Staff | #NuevoLaredo #Laredo #NLD #Tamaulipas<\/p>\n\n\n\n<p>Como parte de las actividades por el D\u00eda mundial de la Diabetes el 14 de noviembre, el Gobierno Municipal a trav\u00e9s de la Direcci\u00f3n de Salud, dispuso de brigadas en el entrada principal de presidencia municipal, anexo a presidencia, as\u00ed como en la diferentes cl\u00ednicas UNE, en donde estuvieron revisando a los ciudadanos los niveles de az\u00facar en la sangre como una forma de prevenir esta enfermedad.<\/p>\n","protected":false},"excerpt":{"rendered":"<p>Por: Staff | #NuevoLaredo #Laredo #NLD #Tamaulipas Como parte de las actividades por el D\u00eda mundial de la Diabetes el 14 de noviembre, el Gobierno Municipal a trav\u00e9s de la Direcci\u00f3n de Salud, dispuso de brigadas en el entrada principal de presidencia municipal, anexo a presidencia, as\u00ed como en la diferentes cl\u00ednicas UNE, en donde &hellip;<\/p>\n","protected":false},"author":1,"featured_media":11311,"comment_status":"open","ping_status":"open","sticky":false,"template":"","format":"standard","meta":{"footnotes":""},"categories":[38],"tags":[],"class_list":["post-11310","post","type-post","status-publish","format-standard","has-post-thumbnail","","category-nuevo-laredo"],"_links":{"self":[{"href":"https:\/\/www.radiointeractivo.com.mx\/index.php?rest_route=\/wp\/v2\/posts\/11310","targetHints":{"allow":["GET"]}}],"collection":[{"href":"https:\/\/www.radiointeractivo.com.mx\/index.php?rest_route=\/wp\/v2\/posts"}],"about":[{"href":"https:\/\/www.radiointeractivo.com.mx\/index.php?rest_route=\/wp\/v2\/types\/post"}],"author":[{"embeddable":true,"href":"https:\/\/www.radiointeractivo.com.mx\/index.php?rest_route=\/wp\/v2\/users\/1"}],"replies":[{"embeddable":true,"href":"https:\/\/www.radiointeractivo.com.mx\/index.php?rest_route=%2Fwp%2Fv2%2Fcomments&post=11310"}],"version-history":[{"count":1,"href":"https:\/\/www.radiointeractivo.com.mx\/index.php?rest_route=\/wp\/v2\/posts\/11310\/revisions"}],"predecessor-version":[{"id":11312,"href":"https:\/\/www.radiointeractivo.com.mx\/index.php?rest_route=\/wp\/v2\/posts\/11310\/revisions\/11312"}],"wp:featuredmedia":[{"embeddable":true,"href":"https:\/\/www.radiointeractivo.com.mx\/index.php?rest_route=\/wp\/v2\/media\/11311"}],"wp:attachment":[{"href":"https:\/\/www.radiointeractivo.com.mx\/index.php?rest_route=%2Fwp%2Fv2%2Fmedia&parent=11310"}],"wp:term":[{"taxonomy":"category","embeddable":true,"href":"https:\/\/www.radiointeractivo.com.mx\/index.php?rest_route=%2Fwp%2Fv2%2Fcategories&post=11310"},{"taxonomy":"post_tag","embeddable":true,"href":"https:\/\/www.radiointeractivo.com.mx\/index.php?rest_route=%2Fwp%2Fv2%2Ftags&post=11310"}],"curies":[{"name":"wp","href":"https:\/\/api.w.org\/{rel}","templated":true}]}}