{"id":11274,"date":"2024-11-13T14:05:56","date_gmt":"2024-11-13T20:05:56","guid":{"rendered":"https:\/\/www.radiointeractivo.com.mx\/?p=11274"},"modified":"2024-11-13T14:05:57","modified_gmt":"2024-11-13T20:05:57","slug":"participa-nataly-garcia-diaz-en-asamblea-informativa-de-becas-rita-cetina","status":"publish","type":"post","link":"https:\/\/www.radiointeractivo.com.mx\/?p=11274","title":{"rendered":"PARTICIPA NATALY GARCIA DIAZ EN ASAMBLEA INFORMATIVA DE BECAS \u201cRITA CETINA\u201d"},"content":{"rendered":"\n<figure class=\"wp-block-image size-large\"><img loading=\"lazy\" decoding=\"async\" width=\"1024\" height=\"682\" src=\"https:\/\/www.radiointeractivo.com.mx\/wp-content\/uploads\/2024\/11\/WhatsApp-Image-2024-11-13-at-1.50.50-PM-1024x682.jpeg\" alt=\"\" class=\"wp-image-11275\" srcset=\"https:\/\/www.radiointeractivo.com.mx\/wp-content\/uploads\/2024\/11\/WhatsApp-Image-2024-11-13-at-1.50.50-PM-1024x682.jpeg 1024w, https:\/\/www.radiointeractivo.com.mx\/wp-content\/uploads\/2024\/11\/WhatsApp-Image-2024-11-13-at-1.50.50-PM-300x200.jpeg 300w, https:\/\/www.radiointeractivo.com.mx\/wp-content\/uploads\/2024\/11\/WhatsApp-Image-2024-11-13-at-1.50.50-PM-768x512.jpeg 768w, https:\/\/www.radiointeractivo.com.mx\/wp-content\/uploads\/2024\/11\/WhatsApp-Image-2024-11-13-at-1.50.50-PM-1536x1023.jpeg 1536w, https:\/\/www.radiointeractivo.com.mx\/wp-content\/uploads\/2024\/11\/WhatsApp-Image-2024-11-13-at-1.50.50-PM-310x205.jpeg 310w, https:\/\/www.radiointeractivo.com.mx\/wp-content\/uploads\/2024\/11\/WhatsApp-Image-2024-11-13-at-1.50.50-PM.jpeg 1600w\" sizes=\"auto, (max-width: 1024px) 100vw, 1024px\" \/><\/figure>\n\n\n\n<p>Por: Staff | #DiazOrdaz #Valadeces #Tamaulipas<\/p>\n\n\n\n<p>Gustavo D\u00edaz Ordaz, Tam.- Ante una concurrida asistencia de madres y padres de familia se llev\u00f3 a cabo la Asamblea Informativa para el registro de becas universales \u201cRita CETINA\u201d para alumnos de secundarias.<\/p>\n\n\n\n<p>La Asamblea tuvo lugar en las instalaciones de la secundaria general Club de Leones y fue presidida por la Alcaldesa Nataly Garc\u00eda D\u00edaz, el coordinador regional Alexander Alan Bola\u00f1os, Amparo Mart\u00ednez representante de la subdelegada de Bienestar Lucila Calvillo, el supervisor de secundarias generales 09 Jes\u00fas Rodr\u00edguez Andrade y autoridades educativas.<\/p>\n\n\n\n<p>A trav\u00e9s de la Coordinadora Nacional de Becas Para el Bienestar que dirige a nivel estatal la Dra. Nadia Ochoa, en esta asamblea se hizo llegar a los padres de familia la informaci\u00f3n para el registro, destacando que independientemente de cuantos hijos tengan en este nivel, cada uno de ellos recibir\u00e1 su apoyo econ\u00f3mico.<\/p>\n\n\n\n<p>En su mensaje la Alcaldesa Nataly Garc\u00eda D\u00edaz destac\u00f3 como un hecho hist\u00f3rico este programa de Becas Universales instituido por la Dra. Claudia Sheinbaum, el que viene a reducir a\u00fan m\u00e1s la brecha de desigualdad y brinda mejores oportunidades a ni\u00f1os y j\u00f3venes para preparar su camino hacia el presente y el futuro, y sean coadyuvantes de la construcci\u00f3n del segundo piso de la Cuarta Transformaci\u00f3n.<\/p>\n","protected":false},"excerpt":{"rendered":"<p>Por: Staff | #DiazOrdaz #Valadeces #Tamaulipas Gustavo D\u00edaz Ordaz, Tam.- Ante una concurrida asistencia de madres y padres de familia se llev\u00f3 a cabo la Asamblea Informativa para el registro de becas universales \u201cRita CETINA\u201d para alumnos de secundarias. La Asamblea tuvo lugar en las instalaciones de la secundaria general Club de Leones y fue &hellip;<\/p>\n","protected":false},"author":1,"featured_media":11275,"comment_status":"open","ping_status":"open","sticky":false,"template":"","format":"standard","meta":{"footnotes":""},"categories":[39],"tags":[],"class_list":["post-11274","post","type-post","status-publish","format-standard","has-post-thumbnail","","category-tamaulipas"],"_links":{"self":[{"href":"https:\/\/www.radiointeractivo.com.mx\/index.php?rest_route=\/wp\/v2\/posts\/11274","targetHints":{"allow":["GET"]}}],"collection":[{"href":"https:\/\/www.radiointeractivo.com.mx\/index.php?rest_route=\/wp\/v2\/posts"}],"about":[{"href":"https:\/\/www.radiointeractivo.com.mx\/index.php?rest_route=\/wp\/v2\/types\/post"}],"author":[{"embeddable":true,"href":"https:\/\/www.radiointeractivo.com.mx\/index.php?rest_route=\/wp\/v2\/users\/1"}],"replies":[{"embeddable":true,"href":"https:\/\/www.radiointeractivo.com.mx\/index.php?rest_route=%2Fwp%2Fv2%2Fcomments&post=11274"}],"version-history":[{"count":1,"href":"https:\/\/www.radiointeractivo.com.mx\/index.php?rest_route=\/wp\/v2\/posts\/11274\/revisions"}],"predecessor-version":[{"id":11276,"href":"https:\/\/www.radiointeractivo.com.mx\/index.php?rest_route=\/wp\/v2\/posts\/11274\/revisions\/11276"}],"wp:featuredmedia":[{"embeddable":true,"href":"https:\/\/www.radiointeractivo.com.mx\/index.php?rest_route=\/wp\/v2\/media\/11275"}],"wp:attachment":[{"href":"https:\/\/www.radiointeractivo.com.mx\/index.php?rest_route=%2Fwp%2Fv2%2Fmedia&parent=11274"}],"wp:term":[{"taxonomy":"category","embeddable":true,"href":"https:\/\/www.radiointeractivo.com.mx\/index.php?rest_route=%2Fwp%2Fv2%2Fcategories&post=11274"},{"taxonomy":"post_tag","embeddable":true,"href":"https:\/\/www.radiointeractivo.com.mx\/index.php?rest_route=%2Fwp%2Fv2%2Ftags&post=11274"}],"curies":[{"name":"wp","href":"https:\/\/api.w.org\/{rel}","templated":true}]}}