{"id":11253,"date":"2024-11-12T21:47:16","date_gmt":"2024-11-13T03:47:16","guid":{"rendered":"https:\/\/www.radiointeractivo.com.mx\/?p=11253"},"modified":"2024-11-12T21:47:19","modified_gmt":"2024-11-13T03:47:19","slug":"se-construiran-46-mil-viviendas-en-tamaulipas-en-los-proximos-seis-anos","status":"publish","type":"post","link":"https:\/\/www.radiointeractivo.com.mx\/?p=11253","title":{"rendered":"Se construir\u00e1n 46 mil viviendas en Tamaulipas en los pr\u00f3ximos seis a\u00f1os"},"content":{"rendered":"\n<figure class=\"wp-block-image size-large\"><img loading=\"lazy\" decoding=\"async\" width=\"1024\" height=\"682\" src=\"https:\/\/www.radiointeractivo.com.mx\/wp-content\/uploads\/2024\/11\/WhatsApp-Image-2024-11-12-at-7.46.04-PM-1024x682.jpeg\" alt=\"\" class=\"wp-image-11254\" srcset=\"https:\/\/www.radiointeractivo.com.mx\/wp-content\/uploads\/2024\/11\/WhatsApp-Image-2024-11-12-at-7.46.04-PM-1024x682.jpeg 1024w, https:\/\/www.radiointeractivo.com.mx\/wp-content\/uploads\/2024\/11\/WhatsApp-Image-2024-11-12-at-7.46.04-PM-300x200.jpeg 300w, https:\/\/www.radiointeractivo.com.mx\/wp-content\/uploads\/2024\/11\/WhatsApp-Image-2024-11-12-at-7.46.04-PM-768x512.jpeg 768w, https:\/\/www.radiointeractivo.com.mx\/wp-content\/uploads\/2024\/11\/WhatsApp-Image-2024-11-12-at-7.46.04-PM-1536x1024.jpeg 1536w, https:\/\/www.radiointeractivo.com.mx\/wp-content\/uploads\/2024\/11\/WhatsApp-Image-2024-11-12-at-7.46.04-PM-2048x1365.jpeg 2048w, https:\/\/www.radiointeractivo.com.mx\/wp-content\/uploads\/2024\/11\/WhatsApp-Image-2024-11-12-at-7.46.04-PM-310x205.jpeg 310w\" sizes=\"auto, (max-width: 1024px) 100vw, 1024px\" \/><\/figure>\n\n\n\n<p>-El gobernador Am\u00e9rico Villarreal Anaya se re\u00fane con el director del Infonavit y anuncia, adem\u00e1s, 55 mil cr\u00e9ditos para ampliar y modernizar viviendas<\/p>\n\n\n\n<p>Por: Agencias<\/p>\n\n\n\n<p>Ciudad de M\u00e9xico.- Durante los pr\u00f3ximos seis a\u00f1os en Tamaulipas, el Infonavit construir\u00e1 46 mil viviendas y 250 mil derechohabientes se ver\u00e1n beneficiados con el congelamiento de sus cr\u00e9ditos que han venido pagando por a\u00f1os.<\/p>\n\n\n\n<p>Tal fue el anuncio que se hizo durante la reuni\u00f3n que sostuvo el gobernador Am\u00e9rico Villarreal Anaya, con el director general de Infonavit, Octavio Romero Oropeza, a la que asisti\u00f3 el director general del Instituto Tamaulipeco de Vivienda y Urbanismo (ITAVU), Manuel Trevi\u00f1o Cant\u00fa y el delegado del Infonavit en el estado, Claudio Aquiles Villanueva.<\/p>\n\n\n\n<p>Durante el encuentro se explic\u00f3 que adem\u00e1s de dichos beneficios, se otorgar\u00e1n 55 mil cr\u00e9ditos en 38 municipios de Tamaulipas para que las y los derechohabientes ampl\u00eden, mejoren y remodelen sus viviendas.<\/p>\n\n\n\n<p>Los cr\u00e9ditos que se autorizan van de 9 mil hasta 156 mil pesos, se explic\u00f3.<\/p>\n\n\n\n<p>Ser\u00e1 la pr\u00f3xima semana cuando se firme en Ciudad Victoria, el convenio para iniciar el proceso de estos beneficios en los que participar\u00e1n la federaci\u00f3n, el estado y los 43 presidentes municipales.<\/p>\n\n\n\n<p>Tamaulipas, a trav\u00e9s del gobernador Villarreal Anaya, hizo el compromiso de destinar y urbanizar los predios para la construcci\u00f3n de las viviendas, 23 mil de las cuales ser\u00e1n edificadas por el Infonavit y 23 mil por la Comisi\u00f3n Nacional de Vivienda (Conavi).<\/p>\n","protected":false},"excerpt":{"rendered":"<p>-El gobernador Am\u00e9rico Villarreal Anaya se re\u00fane con el director del Infonavit y anuncia, adem\u00e1s, 55 mil cr\u00e9ditos para ampliar y modernizar viviendas Por: Agencias Ciudad de M\u00e9xico.- Durante los pr\u00f3ximos seis a\u00f1os en Tamaulipas, el Infonavit construir\u00e1 46 mil viviendas y 250 mil derechohabientes se ver\u00e1n beneficiados con el congelamiento de sus cr\u00e9ditos que &hellip;<\/p>\n","protected":false},"author":1,"featured_media":11254,"comment_status":"open","ping_status":"open","sticky":false,"template":"","format":"standard","meta":{"footnotes":""},"categories":[39],"tags":[],"class_list":["post-11253","post","type-post","status-publish","format-standard","has-post-thumbnail","","category-tamaulipas"],"_links":{"self":[{"href":"https:\/\/www.radiointeractivo.com.mx\/index.php?rest_route=\/wp\/v2\/posts\/11253","targetHints":{"allow":["GET"]}}],"collection":[{"href":"https:\/\/www.radiointeractivo.com.mx\/index.php?rest_route=\/wp\/v2\/posts"}],"about":[{"href":"https:\/\/www.radiointeractivo.com.mx\/index.php?rest_route=\/wp\/v2\/types\/post"}],"author":[{"embeddable":true,"href":"https:\/\/www.radiointeractivo.com.mx\/index.php?rest_route=\/wp\/v2\/users\/1"}],"replies":[{"embeddable":true,"href":"https:\/\/www.radiointeractivo.com.mx\/index.php?rest_route=%2Fwp%2Fv2%2Fcomments&post=11253"}],"version-history":[{"count":1,"href":"https:\/\/www.radiointeractivo.com.mx\/index.php?rest_route=\/wp\/v2\/posts\/11253\/revisions"}],"predecessor-version":[{"id":11255,"href":"https:\/\/www.radiointeractivo.com.mx\/index.php?rest_route=\/wp\/v2\/posts\/11253\/revisions\/11255"}],"wp:featuredmedia":[{"embeddable":true,"href":"https:\/\/www.radiointeractivo.com.mx\/index.php?rest_route=\/wp\/v2\/media\/11254"}],"wp:attachment":[{"href":"https:\/\/www.radiointeractivo.com.mx\/index.php?rest_route=%2Fwp%2Fv2%2Fmedia&parent=11253"}],"wp:term":[{"taxonomy":"category","embeddable":true,"href":"https:\/\/www.radiointeractivo.com.mx\/index.php?rest_route=%2Fwp%2Fv2%2Fcategories&post=11253"},{"taxonomy":"post_tag","embeddable":true,"href":"https:\/\/www.radiointeractivo.com.mx\/index.php?rest_route=%2Fwp%2Fv2%2Ftags&post=11253"}],"curies":[{"name":"wp","href":"https:\/\/api.w.org\/{rel}","templated":true}]}}