{"id":11233,"date":"2024-11-12T16:00:51","date_gmt":"2024-11-12T22:00:51","guid":{"rendered":"https:\/\/www.radiointeractivo.com.mx\/?p=11233"},"modified":"2024-11-12T16:00:52","modified_gmt":"2024-11-12T22:00:52","slug":"toman-protesta-a-nuevos-integrantes-del-comando-interinstitucional-estatal-del-sector-salud","status":"publish","type":"post","link":"https:\/\/www.radiointeractivo.com.mx\/?p=11233","title":{"rendered":"Toman protesta a nuevos integrantes del Comando Interinstitucional Estatal del Sector Salud"},"content":{"rendered":"\n<figure class=\"wp-block-image size-large\"><img loading=\"lazy\" decoding=\"async\" width=\"1024\" height=\"682\" src=\"https:\/\/www.radiointeractivo.com.mx\/wp-content\/uploads\/2024\/11\/WhatsApp-Image-2024-11-12-at-2.22.40-PM-1024x682.jpeg\" alt=\"\" class=\"wp-image-11234\" srcset=\"https:\/\/www.radiointeractivo.com.mx\/wp-content\/uploads\/2024\/11\/WhatsApp-Image-2024-11-12-at-2.22.40-PM-1024x682.jpeg 1024w, https:\/\/www.radiointeractivo.com.mx\/wp-content\/uploads\/2024\/11\/WhatsApp-Image-2024-11-12-at-2.22.40-PM-300x200.jpeg 300w, https:\/\/www.radiointeractivo.com.mx\/wp-content\/uploads\/2024\/11\/WhatsApp-Image-2024-11-12-at-2.22.40-PM-768x512.jpeg 768w, https:\/\/www.radiointeractivo.com.mx\/wp-content\/uploads\/2024\/11\/WhatsApp-Image-2024-11-12-at-2.22.40-PM-1536x1023.jpeg 1536w, https:\/\/www.radiointeractivo.com.mx\/wp-content\/uploads\/2024\/11\/WhatsApp-Image-2024-11-12-at-2.22.40-PM-310x205.jpeg 310w, https:\/\/www.radiointeractivo.com.mx\/wp-content\/uploads\/2024\/11\/WhatsApp-Image-2024-11-12-at-2.22.40-PM.jpeg 1600w\" sizes=\"auto, (max-width: 1024px) 100vw, 1024px\" \/><\/figure>\n\n\n\n<p>-Se incorpora el IMSS- Bienestar, el Servicio Nacional de Salud P\u00fablica y la 48\u00aa Zona Militar<\/p>\n\n\n\n<p>Por: Agencias<\/p>\n\n\n\n<p>Ciudad Victoria, Tamaulipas.- Para evaluar los riesgos a la salud y generar las estrategias de mejora en los procesos de atenci\u00f3n m\u00e9dica para otorgar calidad y seguridad a las personas usuarias de las instituciones m\u00e9dicas del estado, el secretario de Salud, Vicente Joel Hern\u00e1ndez Navarro, tom\u00f3 protesta a los nuevos integrantes del Comando Interinstitucional Estatal del Sector Salud.<\/p>\n\n\n\n<p>En su calidad de presidente, llev\u00f3 a cabo la reinstalaci\u00f3n e incorporaci\u00f3n del organismo p\u00fablico descentralizado IMSS- Bienestar Tamaulipas, PEMEX, SEDENA, SEMAR y Servicio Nacional de Salud P\u00fablica a este comando, y que a partir de la fecha, queda conformado por nueve vocales, un secretario t\u00e9cnico y un presidente.<\/p>\n\n\n\n<p>\u201cEn esta nueva pol\u00edtica de salud que se da en nuestra pa\u00eds y en especial en el estado, en donde tenemos un gobernador que profesa los mismos objetivos y que por muchos a\u00f1os fue funcionario de las instancias de salud, tenemos el compromiso de identificar, supervisar, pero principalmente tener acompa\u00f1amiento y apoyo de todas las unidades hospitalarias para dar mejores resultados de atenci\u00f3n a los tamaulipecos\u201d, destac\u00f3 Hern\u00e1ndez Navarro.<\/p>\n\n\n\n<p>Dijo que este grupo colegiado interinstitucional, contribuye a la planificaci\u00f3n de acciones relacionadas con la prestaci\u00f3n de los servicios m\u00e9dicos para la atenci\u00f3n de enfermedades tales como las respiratorias, muerte materna y: perinatal, infecciones asociadas a la atenci\u00f3n a la salud, calidad y seguridad% del paciente, seguridad sangu\u00ednea, farmacovigilancia, vigilancia a la resistencia micobacteriana, equipo de protecci\u00f3n personal, salud mental y cualquier enfermedad emergente que ponga en riesgo la salud de la poblacional.<\/p>\n","protected":false},"excerpt":{"rendered":"<p>-Se incorpora el IMSS- Bienestar, el Servicio Nacional de Salud P\u00fablica y la 48\u00aa Zona Militar Por: Agencias Ciudad Victoria, Tamaulipas.- Para evaluar los riesgos a la salud y generar las estrategias de mejora en los procesos de atenci\u00f3n m\u00e9dica para otorgar calidad y seguridad a las personas usuarias de las instituciones m\u00e9dicas del estado, &hellip;<\/p>\n","protected":false},"author":1,"featured_media":11234,"comment_status":"open","ping_status":"open","sticky":false,"template":"","format":"standard","meta":{"footnotes":""},"categories":[39],"tags":[],"class_list":["post-11233","post","type-post","status-publish","format-standard","has-post-thumbnail","","category-tamaulipas"],"_links":{"self":[{"href":"https:\/\/www.radiointeractivo.com.mx\/index.php?rest_route=\/wp\/v2\/posts\/11233","targetHints":{"allow":["GET"]}}],"collection":[{"href":"https:\/\/www.radiointeractivo.com.mx\/index.php?rest_route=\/wp\/v2\/posts"}],"about":[{"href":"https:\/\/www.radiointeractivo.com.mx\/index.php?rest_route=\/wp\/v2\/types\/post"}],"author":[{"embeddable":true,"href":"https:\/\/www.radiointeractivo.com.mx\/index.php?rest_route=\/wp\/v2\/users\/1"}],"replies":[{"embeddable":true,"href":"https:\/\/www.radiointeractivo.com.mx\/index.php?rest_route=%2Fwp%2Fv2%2Fcomments&post=11233"}],"version-history":[{"count":1,"href":"https:\/\/www.radiointeractivo.com.mx\/index.php?rest_route=\/wp\/v2\/posts\/11233\/revisions"}],"predecessor-version":[{"id":11235,"href":"https:\/\/www.radiointeractivo.com.mx\/index.php?rest_route=\/wp\/v2\/posts\/11233\/revisions\/11235"}],"wp:featuredmedia":[{"embeddable":true,"href":"https:\/\/www.radiointeractivo.com.mx\/index.php?rest_route=\/wp\/v2\/media\/11234"}],"wp:attachment":[{"href":"https:\/\/www.radiointeractivo.com.mx\/index.php?rest_route=%2Fwp%2Fv2%2Fmedia&parent=11233"}],"wp:term":[{"taxonomy":"category","embeddable":true,"href":"https:\/\/www.radiointeractivo.com.mx\/index.php?rest_route=%2Fwp%2Fv2%2Fcategories&post=11233"},{"taxonomy":"post_tag","embeddable":true,"href":"https:\/\/www.radiointeractivo.com.mx\/index.php?rest_route=%2Fwp%2Fv2%2Ftags&post=11233"}],"curies":[{"name":"wp","href":"https:\/\/api.w.org\/{rel}","templated":true}]}}