{"id":11206,"date":"2024-11-11T17:21:05","date_gmt":"2024-11-11T23:21:05","guid":{"rendered":"https:\/\/www.radiointeractivo.com.mx\/?p=11206"},"modified":"2024-11-11T17:21:06","modified_gmt":"2024-11-11T23:21:06","slug":"alcaldesa-carmen-lilia-canturosas-destaca-apoyo-educativo-de-presidenta-claudia-sheinbaum-por-la-beca-universal-rita-cetina","status":"publish","type":"post","link":"https:\/\/www.radiointeractivo.com.mx\/?p=11206","title":{"rendered":"ALCALDESA CARMEN LILIA CANTUROSAS DESTACA APOYO EDUCATIVO DE PRESIDENTA CLAUDIA SHEINBAUM POR LA BECA UNIVERSAL RITA CETINA"},"content":{"rendered":"\n<figure class=\"wp-block-image size-large\"><img loading=\"lazy\" decoding=\"async\" width=\"1024\" height=\"684\" src=\"https:\/\/www.radiointeractivo.com.mx\/wp-content\/uploads\/2024\/11\/WhatsApp-Image-2024-11-11-at-5.19.26-PM-1024x684.jpeg\" alt=\"\" class=\"wp-image-11207\" srcset=\"https:\/\/www.radiointeractivo.com.mx\/wp-content\/uploads\/2024\/11\/WhatsApp-Image-2024-11-11-at-5.19.26-PM-1024x684.jpeg 1024w, https:\/\/www.radiointeractivo.com.mx\/wp-content\/uploads\/2024\/11\/WhatsApp-Image-2024-11-11-at-5.19.26-PM-300x200.jpeg 300w, https:\/\/www.radiointeractivo.com.mx\/wp-content\/uploads\/2024\/11\/WhatsApp-Image-2024-11-11-at-5.19.26-PM-768x513.jpeg 768w, https:\/\/www.radiointeractivo.com.mx\/wp-content\/uploads\/2024\/11\/WhatsApp-Image-2024-11-11-at-5.19.26-PM-1536x1026.jpeg 1536w, https:\/\/www.radiointeractivo.com.mx\/wp-content\/uploads\/2024\/11\/WhatsApp-Image-2024-11-11-at-5.19.26-PM.jpeg 1600w\" sizes=\"auto, (max-width: 1024px) 100vw, 1024px\" \/><\/figure>\n\n\n\n<p>Por: Staff | #NuevoLaredo #Laredo #NLD #Tamaulipas<\/p>\n\n\n\n<p>La alcaldesa Carmen Lilia Canturosas Villarreal reconoci\u00f3 el esfuerzo de la presidenta Claudia Sheinbaum de otorgar la Beca Universal &#8220;Rita Cetina&#8221; a todos los estudiantes de educaci\u00f3n secundaria en M\u00e9xico, cuyo registro dio inicio este lunes 11 de noviembre.<\/p>\n\n\n\n<p>Para la presidenta municipal, esta beca representa un beneficio significativo para las familias del pa\u00eds y responde a una visi\u00f3n compartida de que la mejor inversi\u00f3n de cualquier gobierno debe ser en educaci\u00f3n.<\/p>\n\n\n\n<p>Adem\u00e1s, anunci\u00f3 que para ayudar a las familias neolaredenses, activar\u00e1 tres m\u00f3dulos municipales donde estar\u00e1n apoyando con el registro en l\u00ednea a quienes no tengan acceso a internet, la atenci\u00f3n ser\u00e1 de 10 AM a 2 PM a partir del 12 de noviembre.<\/p>\n\n\n\n<p>Los m\u00f3dulos estar\u00e1n instalados en la Direcci\u00f3n de Educaci\u00f3n ubicada en el anexo a presidencia municipal, en la Biblioteca Octavio Paz ubicada en Emiliano Zapata esquina con Venustiano Carranza en la colonia Concordia y en la Biblioteca Emiliano Zapata ubicada en Calzada Revoluci\u00f3n 7401, colonia Buena Vista.<\/p>\n\n\n\n<p>&#8220;Hoy es un d\u00eda muy importante para la educaci\u00f3n b\u00e1sica en M\u00e9xico, pues se da inicio con el registro para la Beca &#8216;Rita Cetina&#8217; con la que nuestra presidenta Claudia Sheinbaum cumple su compromiso de otorgar este apoyo universal a la ni\u00f1ez del pa\u00eds; apoyar la educaci\u00f3n de nuestros ni\u00f1os es algo de admirarse y destacar&#8221;, se\u00f1al\u00f3.<\/p>\n\n\n\n<p>Carmen Lilia Canturosas destac\u00f3 que el Gobierno de Nuevo Laredo comparte esta visi\u00f3n de fortalecer el desarrollo estudiantil mediante becas, y asegur\u00f3 que trabajar\u00e1n en conjunto con el Gobierno Federal para que los apoyos lleguen a todos los estudiantes.<\/p>\n\n\n\n<p>Dijo que tras el proceso de registro de esta beca, se realizar\u00e1 un cruce de informaci\u00f3n para evitar la duplicidad de apoyos, y as\u00ed garantizar que el programa de becas del gobierno municipal llegue a quienes no cuenten con este respaldo federal.<\/p>\n\n\n\n<p>La Beca &#8220;Rita Cetina&#8221;, iniciativa del Gobierno Federal, tiene como objetivo garantizar que todos los estudiantes de secundaria cuenten con un apoyo econ\u00f3mico que permita aliviar la carga en los hogares y fomentar el desarrollo acad\u00e9mico; el monto de la beca ser\u00e1 mil 900 pesos mensuales, en caso de que se inscriban a un hermano se les otorgar\u00e1 700 pesos adicionales, por lo que el apoyo por familia aumentar\u00e1 2 mil 600 pesos en total.<\/p>\n\n\n\n<p>Para solicitar la Beca &#8220;Rita Cetina&#8221;, los interesados pueden registrarse en la plataforma oficial del Gobierno Federal a trav\u00e9s del sitio web www.becaritacetina.gob.mx.<\/p>\n","protected":false},"excerpt":{"rendered":"<p>Por: Staff | #NuevoLaredo #Laredo #NLD #Tamaulipas La alcaldesa Carmen Lilia Canturosas Villarreal reconoci\u00f3 el esfuerzo de la presidenta Claudia Sheinbaum de otorgar la Beca Universal &#8220;Rita Cetina&#8221; a todos los estudiantes de educaci\u00f3n secundaria en M\u00e9xico, cuyo registro dio inicio este lunes 11 de noviembre. Para la presidenta municipal, esta beca representa un beneficio &hellip;<\/p>\n","protected":false},"author":1,"featured_media":11207,"comment_status":"open","ping_status":"open","sticky":false,"template":"","format":"standard","meta":{"footnotes":""},"categories":[38],"tags":[],"class_list":["post-11206","post","type-post","status-publish","format-standard","has-post-thumbnail","","category-nuevo-laredo"],"_links":{"self":[{"href":"https:\/\/www.radiointeractivo.com.mx\/index.php?rest_route=\/wp\/v2\/posts\/11206","targetHints":{"allow":["GET"]}}],"collection":[{"href":"https:\/\/www.radiointeractivo.com.mx\/index.php?rest_route=\/wp\/v2\/posts"}],"about":[{"href":"https:\/\/www.radiointeractivo.com.mx\/index.php?rest_route=\/wp\/v2\/types\/post"}],"author":[{"embeddable":true,"href":"https:\/\/www.radiointeractivo.com.mx\/index.php?rest_route=\/wp\/v2\/users\/1"}],"replies":[{"embeddable":true,"href":"https:\/\/www.radiointeractivo.com.mx\/index.php?rest_route=%2Fwp%2Fv2%2Fcomments&post=11206"}],"version-history":[{"count":1,"href":"https:\/\/www.radiointeractivo.com.mx\/index.php?rest_route=\/wp\/v2\/posts\/11206\/revisions"}],"predecessor-version":[{"id":11208,"href":"https:\/\/www.radiointeractivo.com.mx\/index.php?rest_route=\/wp\/v2\/posts\/11206\/revisions\/11208"}],"wp:featuredmedia":[{"embeddable":true,"href":"https:\/\/www.radiointeractivo.com.mx\/index.php?rest_route=\/wp\/v2\/media\/11207"}],"wp:attachment":[{"href":"https:\/\/www.radiointeractivo.com.mx\/index.php?rest_route=%2Fwp%2Fv2%2Fmedia&parent=11206"}],"wp:term":[{"taxonomy":"category","embeddable":true,"href":"https:\/\/www.radiointeractivo.com.mx\/index.php?rest_route=%2Fwp%2Fv2%2Fcategories&post=11206"},{"taxonomy":"post_tag","embeddable":true,"href":"https:\/\/www.radiointeractivo.com.mx\/index.php?rest_route=%2Fwp%2Fv2%2Ftags&post=11206"}],"curies":[{"name":"wp","href":"https:\/\/api.w.org\/{rel}","templated":true}]}}