{"id":11197,"date":"2024-11-11T16:07:34","date_gmt":"2024-11-11T22:07:34","guid":{"rendered":"https:\/\/www.radiointeractivo.com.mx\/?p=11197"},"modified":"2024-11-11T16:07:36","modified_gmt":"2024-11-11T22:07:36","slug":"destaca-diputada-local-equidad-de-genero-en-las-filas-de-la-guardia-estatal","status":"publish","type":"post","link":"https:\/\/www.radiointeractivo.com.mx\/?p=11197","title":{"rendered":"Destaca diputada local equidad de g\u00e9nero en las filas de la Guardia Estatal"},"content":{"rendered":"\n<figure class=\"wp-block-image size-large\"><img loading=\"lazy\" decoding=\"async\" width=\"1024\" height=\"682\" src=\"https:\/\/www.radiointeractivo.com.mx\/wp-content\/uploads\/2024\/11\/WhatsApp-Image-2024-11-11-at-4.00.46-PM-1024x682.jpeg\" alt=\"\" class=\"wp-image-11198\" srcset=\"https:\/\/www.radiointeractivo.com.mx\/wp-content\/uploads\/2024\/11\/WhatsApp-Image-2024-11-11-at-4.00.46-PM-1024x682.jpeg 1024w, https:\/\/www.radiointeractivo.com.mx\/wp-content\/uploads\/2024\/11\/WhatsApp-Image-2024-11-11-at-4.00.46-PM-300x200.jpeg 300w, https:\/\/www.radiointeractivo.com.mx\/wp-content\/uploads\/2024\/11\/WhatsApp-Image-2024-11-11-at-4.00.46-PM-768x512.jpeg 768w, https:\/\/www.radiointeractivo.com.mx\/wp-content\/uploads\/2024\/11\/WhatsApp-Image-2024-11-11-at-4.00.46-PM-310x205.jpeg 310w, https:\/\/www.radiointeractivo.com.mx\/wp-content\/uploads\/2024\/11\/WhatsApp-Image-2024-11-11-at-4.00.46-PM.jpeg 1280w\" sizes=\"auto, (max-width: 1024px) 100vw, 1024px\" \/><\/figure>\n\n\n\n<p>-La legisladora Eva Reyes felicit\u00f3 a mujeres de la Guardia Estatal con motivo del segundo aniversario de esta corporaci\u00f3n<\/p>\n\n\n\n<p>Por: Agencias<\/p>\n\n\n\n<p>Ciudad Victoria, Tamaulipas.- En el marco del segundo aniversario de la creaci\u00f3n de la Guardia Estatal, la diputada local del H. Congreso del Estado de Tamaulipas, Eva Araceli Reyes Gonz\u00e1lez, reconoci\u00f3 la importancia de la presencia de mujeres en las corporaciones de seguridad, lo cual se traduce en una mayor confianza en la poblaci\u00f3n femenina de la entidad.<\/p>\n\n\n\n<p>\u2018\u2019Vemos cada vez a mujeres polic\u00edas muy preparadas, muy aguerridas; un gustazo ver a mujeres que nos cuidan a otras mujeres y con esa perspectiva tenemos grandes noticias\u2019\u2019, dijo.<\/p>\n\n\n\n<p>En su calidad de vocal de la Comisi\u00f3n de Seguridad P\u00fablica, Prevenci\u00f3n y Reinserci\u00f3n Social, destac\u00f3, en la actual administraci\u00f3n encabezada por el gobernador Am\u00e9rico Villarreal Anaya, la equidad de g\u00e9nero es uno de los principios rectores, incluyendo esta \u00e1rea donde las mujeres participan activamente desde la parte legislativa, administrativa y, por supuesto, la operativa.<\/p>\n\n\n\n<p>Al presidir la Comisi\u00f3n de Derechos Humanos en la actual legislatura, reiter\u00f3 su respaldo a la Guardia Estatal para salvaguardar este aspecto fundamental en sus integrantes.<\/p>\n\n\n\n<p>\u2018\u2019Estoy muy enfocada tambi\u00e9n como parte de la vocal\u00eda de seguridad p\u00fablica para podernos esforzar, y encontrar esos puntos medios, esas partes de convergencia en donde se cuiden los derechos humanos de los ciudadanos, pero tambi\u00e9n de quienes nos cuidan en la calle y nos ayudan a estar seguros\u2019\u2019, se\u00f1al\u00f3.<\/p>\n\n\n\n<p>A dos a\u00f1os de su creaci\u00f3n, manifest\u00f3 que los resultados del trabajo de la Guardia Estatal son visibles principalmente en las carreteras de la entidad, por lo que agradeci\u00f3 su labor al servicio de la ciudadan\u00eda.<\/p>\n","protected":false},"excerpt":{"rendered":"<p>-La legisladora Eva Reyes felicit\u00f3 a mujeres de la Guardia Estatal con motivo del segundo aniversario de esta corporaci\u00f3n Por: Agencias Ciudad Victoria, Tamaulipas.- En el marco del segundo aniversario de la creaci\u00f3n de la Guardia Estatal, la diputada local del H. Congreso del Estado de Tamaulipas, Eva Araceli Reyes Gonz\u00e1lez, reconoci\u00f3 la importancia de &hellip;<\/p>\n","protected":false},"author":1,"featured_media":11198,"comment_status":"open","ping_status":"open","sticky":false,"template":"","format":"standard","meta":{"footnotes":""},"categories":[39],"tags":[],"class_list":["post-11197","post","type-post","status-publish","format-standard","has-post-thumbnail","","category-tamaulipas"],"_links":{"self":[{"href":"https:\/\/www.radiointeractivo.com.mx\/index.php?rest_route=\/wp\/v2\/posts\/11197","targetHints":{"allow":["GET"]}}],"collection":[{"href":"https:\/\/www.radiointeractivo.com.mx\/index.php?rest_route=\/wp\/v2\/posts"}],"about":[{"href":"https:\/\/www.radiointeractivo.com.mx\/index.php?rest_route=\/wp\/v2\/types\/post"}],"author":[{"embeddable":true,"href":"https:\/\/www.radiointeractivo.com.mx\/index.php?rest_route=\/wp\/v2\/users\/1"}],"replies":[{"embeddable":true,"href":"https:\/\/www.radiointeractivo.com.mx\/index.php?rest_route=%2Fwp%2Fv2%2Fcomments&post=11197"}],"version-history":[{"count":1,"href":"https:\/\/www.radiointeractivo.com.mx\/index.php?rest_route=\/wp\/v2\/posts\/11197\/revisions"}],"predecessor-version":[{"id":11199,"href":"https:\/\/www.radiointeractivo.com.mx\/index.php?rest_route=\/wp\/v2\/posts\/11197\/revisions\/11199"}],"wp:featuredmedia":[{"embeddable":true,"href":"https:\/\/www.radiointeractivo.com.mx\/index.php?rest_route=\/wp\/v2\/media\/11198"}],"wp:attachment":[{"href":"https:\/\/www.radiointeractivo.com.mx\/index.php?rest_route=%2Fwp%2Fv2%2Fmedia&parent=11197"}],"wp:term":[{"taxonomy":"category","embeddable":true,"href":"https:\/\/www.radiointeractivo.com.mx\/index.php?rest_route=%2Fwp%2Fv2%2Fcategories&post=11197"},{"taxonomy":"post_tag","embeddable":true,"href":"https:\/\/www.radiointeractivo.com.mx\/index.php?rest_route=%2Fwp%2Fv2%2Ftags&post=11197"}],"curies":[{"name":"wp","href":"https:\/\/api.w.org\/{rel}","templated":true}]}}