{"id":11106,"date":"2024-11-08T15:20:38","date_gmt":"2024-11-08T21:20:38","guid":{"rendered":"https:\/\/www.radiointeractivo.com.mx\/?p=11106"},"modified":"2024-11-08T15:20:39","modified_gmt":"2024-11-08T21:20:39","slug":"refuerzan-tradiciones-con-presentacion-artistica-en-casa-de-cultura-viveros","status":"publish","type":"post","link":"https:\/\/www.radiointeractivo.com.mx\/?p=11106","title":{"rendered":"REFUERZAN TRADICIONES CON PRESENTACI\u00d3N ART\u00cdSTICA EN CASA DE CULTURA VIVEROS"},"content":{"rendered":"\n<figure class=\"wp-block-image size-large\"><img loading=\"lazy\" decoding=\"async\" width=\"1024\" height=\"684\" src=\"https:\/\/www.radiointeractivo.com.mx\/wp-content\/uploads\/2024\/11\/WhatsApp-Image-2024-11-08-at-11.20.01-AM-1024x684.jpeg\" alt=\"\" class=\"wp-image-11107\" srcset=\"https:\/\/www.radiointeractivo.com.mx\/wp-content\/uploads\/2024\/11\/WhatsApp-Image-2024-11-08-at-11.20.01-AM-1024x684.jpeg 1024w, https:\/\/www.radiointeractivo.com.mx\/wp-content\/uploads\/2024\/11\/WhatsApp-Image-2024-11-08-at-11.20.01-AM-300x200.jpeg 300w, https:\/\/www.radiointeractivo.com.mx\/wp-content\/uploads\/2024\/11\/WhatsApp-Image-2024-11-08-at-11.20.01-AM-768x513.jpeg 768w, https:\/\/www.radiointeractivo.com.mx\/wp-content\/uploads\/2024\/11\/WhatsApp-Image-2024-11-08-at-11.20.01-AM-1536x1026.jpeg 1536w, https:\/\/www.radiointeractivo.com.mx\/wp-content\/uploads\/2024\/11\/WhatsApp-Image-2024-11-08-at-11.20.01-AM.jpeg 1600w\" sizes=\"auto, (max-width: 1024px) 100vw, 1024px\" \/><\/figure>\n\n\n\n<p>Por: Staff | #NuevoLaredo #Laredo #NLD #Tamaulipas<\/p>\n\n\n\n<p>El Gobierno Municipal a trav\u00e9s de la Direcci\u00f3n de Arte y Cultura llev\u00f3 a cabo el evento \u201cRecord\u00e1ndolos con Cari\u00f1o\u201d como parte de las celebraciones del D\u00eda de Muertos.<\/p>\n\n\n\n<p>Diana Benavides Tuexi, jefa de la Casa de la Cultura \u201cViveros\u201d, destac\u00f3 la importancia de este tipo de actividades, que permiten a los menores no solo aprender y practicar el arte, sino tambi\u00e9n fortalecer sus v\u00ednculos con las tradiciones culturales.<\/p>\n\n\n\n<p>\u201cEs muy importante la oportunidad que tienen nuestros ni\u00f1os y adolescentes que vienen a los talleres. Hoy nos demostraron parte de lo que han aprendido. Es muy bonito ver a las familias que vienen a ver lo que han aprendido sus hijos\u201d, indic\u00f3 Benavides Tuexi, funcionaria municipal.<\/p>\n\n\n\n<p>El evento cont\u00f3 con la participaci\u00f3n de alrededor de 30 ni\u00f1os, ni\u00f1as y adolescentes que forman parte de los Talleres de Iniciaci\u00f3n Art\u00edstica, quienes ofrecieron diversas presentaciones alusivas a la festividad, demostrando el trabajo realizado en sus respectivos talleres.<\/p>\n\n\n\n<p>Los participantes, provenientes de disciplinas como ballet y danza folcl\u00f3rica, presentaron una serie de bailables y calaveritas literarias. Adem\u00e1s, se coloc\u00f3 un altar de muertos en honor a Flavio Flores, quien fuera guardia de seguridad de la Casa de la Cultura, como muestra de respeto y recordatorio.<\/p>\n\n\n\n<p>Por medio de estos eventos la administraci\u00f3n municipal reafirma su compromiso con la difusi\u00f3n de la cultura y la educaci\u00f3n art\u00edstica en la comunidad, brindando a los m\u00e1s j\u00f3venes herramientas para expresarse.<\/p>\n","protected":false},"excerpt":{"rendered":"<p>Por: Staff | #NuevoLaredo #Laredo #NLD #Tamaulipas El Gobierno Municipal a trav\u00e9s de la Direcci\u00f3n de Arte y Cultura llev\u00f3 a cabo el evento \u201cRecord\u00e1ndolos con Cari\u00f1o\u201d como parte de las celebraciones del D\u00eda de Muertos. Diana Benavides Tuexi, jefa de la Casa de la Cultura \u201cViveros\u201d, destac\u00f3 la importancia de este tipo de actividades, &hellip;<\/p>\n","protected":false},"author":1,"featured_media":11108,"comment_status":"open","ping_status":"open","sticky":false,"template":"","format":"standard","meta":{"footnotes":""},"categories":[38],"tags":[],"class_list":["post-11106","post","type-post","status-publish","format-standard","has-post-thumbnail","","category-nuevo-laredo"],"_links":{"self":[{"href":"https:\/\/www.radiointeractivo.com.mx\/index.php?rest_route=\/wp\/v2\/posts\/11106","targetHints":{"allow":["GET"]}}],"collection":[{"href":"https:\/\/www.radiointeractivo.com.mx\/index.php?rest_route=\/wp\/v2\/posts"}],"about":[{"href":"https:\/\/www.radiointeractivo.com.mx\/index.php?rest_route=\/wp\/v2\/types\/post"}],"author":[{"embeddable":true,"href":"https:\/\/www.radiointeractivo.com.mx\/index.php?rest_route=\/wp\/v2\/users\/1"}],"replies":[{"embeddable":true,"href":"https:\/\/www.radiointeractivo.com.mx\/index.php?rest_route=%2Fwp%2Fv2%2Fcomments&post=11106"}],"version-history":[{"count":1,"href":"https:\/\/www.radiointeractivo.com.mx\/index.php?rest_route=\/wp\/v2\/posts\/11106\/revisions"}],"predecessor-version":[{"id":11109,"href":"https:\/\/www.radiointeractivo.com.mx\/index.php?rest_route=\/wp\/v2\/posts\/11106\/revisions\/11109"}],"wp:featuredmedia":[{"embeddable":true,"href":"https:\/\/www.radiointeractivo.com.mx\/index.php?rest_route=\/wp\/v2\/media\/11108"}],"wp:attachment":[{"href":"https:\/\/www.radiointeractivo.com.mx\/index.php?rest_route=%2Fwp%2Fv2%2Fmedia&parent=11106"}],"wp:term":[{"taxonomy":"category","embeddable":true,"href":"https:\/\/www.radiointeractivo.com.mx\/index.php?rest_route=%2Fwp%2Fv2%2Fcategories&post=11106"},{"taxonomy":"post_tag","embeddable":true,"href":"https:\/\/www.radiointeractivo.com.mx\/index.php?rest_route=%2Fwp%2Fv2%2Ftags&post=11106"}],"curies":[{"name":"wp","href":"https:\/\/api.w.org\/{rel}","templated":true}]}}