{"id":11098,"date":"2024-11-07T20:54:38","date_gmt":"2024-11-08T02:54:38","guid":{"rendered":"https:\/\/www.radiointeractivo.com.mx\/?p=11098"},"modified":"2024-11-07T20:54:40","modified_gmt":"2024-11-08T02:54:40","slug":"inauguran-nuevas-oficinas-de-la-oficialia-primera-del-registro-civil-en-tampico","status":"publish","type":"post","link":"https:\/\/www.radiointeractivo.com.mx\/?p=11098","title":{"rendered":"Inauguran nuevas oficinas de la Oficial\u00eda Primera del Registro Civil en Tampico"},"content":{"rendered":"\n<figure class=\"wp-block-image size-large\"><img loading=\"lazy\" decoding=\"async\" width=\"1024\" height=\"683\" src=\"https:\/\/www.radiointeractivo.com.mx\/wp-content\/uploads\/2024\/11\/WhatsApp-Image-2024-11-07-at-8.10.09-PM-1024x683.jpeg\" alt=\"\" class=\"wp-image-11099\" srcset=\"https:\/\/www.radiointeractivo.com.mx\/wp-content\/uploads\/2024\/11\/WhatsApp-Image-2024-11-07-at-8.10.09-PM-1024x683.jpeg 1024w, https:\/\/www.radiointeractivo.com.mx\/wp-content\/uploads\/2024\/11\/WhatsApp-Image-2024-11-07-at-8.10.09-PM-300x200.jpeg 300w, https:\/\/www.radiointeractivo.com.mx\/wp-content\/uploads\/2024\/11\/WhatsApp-Image-2024-11-07-at-8.10.09-PM-768x512.jpeg 768w, https:\/\/www.radiointeractivo.com.mx\/wp-content\/uploads\/2024\/11\/WhatsApp-Image-2024-11-07-at-8.10.09-PM-1536x1024.jpeg 1536w, https:\/\/www.radiointeractivo.com.mx\/wp-content\/uploads\/2024\/11\/WhatsApp-Image-2024-11-07-at-8.10.09-PM.jpeg 1599w\" sizes=\"auto, (max-width: 1024px) 100vw, 1024px\" \/><\/figure>\n\n\n\n<p>Por: Agencias<\/p>\n\n\n\n<p>Tampico, Tamaulipas.- Como parte del compromiso del Gobierno de Tamaulipas de mejorar los servicios y la atenci\u00f3n para la ciudadan\u00eda, este d\u00eda fueron inauguradas las nuevas oficinas de la Oficial\u00eda Primera del Registro Civil en Tampico.<\/p>\n\n\n\n<p>El acto de apertura fue encabezado por el secretario general de Gobierno, H\u00e9ctor Joel Villegas Gonz\u00e1lez, quien acompa\u00f1ado del coordinador de Registro Civil, Mauro Francisco Sandoval Contreras, agradeci\u00f3 a la presidenta municipal, M\u00f3nica Zacil Villarreal Anaya por las atenciones prestadas y reconoci\u00f3 que estas instalaciones representan un esfuerzo del gobierno estatal por ofrecer espacios m\u00e1s accesibles, modernos y eficientes, donde las familias tamaulipecas puedan realizar sus tr\u00e1mites en un entorno adecuado.<\/p>\n\n\n\n<p>\u201cQueremos que la ciudadan\u00eda cuente con un servicio digno y de calidad humana. Estas nuevas oficinas no solo representan un avance en infraestructura, sino tambi\u00e9n en la cercan\u00eda del gobierno con la gente\u201d, se\u00f1al\u00f3.<\/p>\n\n\n\n<p>Villegas Gonz\u00e1lez reiter\u00f3 el compromiso del gobernador Am\u00e9rico Villarreal Anaya, de construir instituciones de puertas abiertas que prioricen a las personas.<\/p>\n\n\n\n<p>Las nuevas instalaciones de la Oficial\u00eda Primera del Registro Civil en Tampico se encuentran en calle 20 de Noviembre y Francisco I. Madero y forman parte del trabajo del gobierno estatal para acercar y mejorar los servicios p\u00fablicos, brindando a las y los tamaulipecos un acceso eficiente y de calidad a sus derechos civiles.<\/p>\n","protected":false},"excerpt":{"rendered":"<p>Por: Agencias Tampico, Tamaulipas.- Como parte del compromiso del Gobierno de Tamaulipas de mejorar los servicios y la atenci\u00f3n para la ciudadan\u00eda, este d\u00eda fueron inauguradas las nuevas oficinas de la Oficial\u00eda Primera del Registro Civil en Tampico. El acto de apertura fue encabezado por el secretario general de Gobierno, H\u00e9ctor Joel Villegas Gonz\u00e1lez, quien &hellip;<\/p>\n","protected":false},"author":1,"featured_media":11099,"comment_status":"open","ping_status":"open","sticky":false,"template":"","format":"standard","meta":{"footnotes":""},"categories":[39],"tags":[],"class_list":["post-11098","post","type-post","status-publish","format-standard","has-post-thumbnail","","category-tamaulipas"],"_links":{"self":[{"href":"https:\/\/www.radiointeractivo.com.mx\/index.php?rest_route=\/wp\/v2\/posts\/11098","targetHints":{"allow":["GET"]}}],"collection":[{"href":"https:\/\/www.radiointeractivo.com.mx\/index.php?rest_route=\/wp\/v2\/posts"}],"about":[{"href":"https:\/\/www.radiointeractivo.com.mx\/index.php?rest_route=\/wp\/v2\/types\/post"}],"author":[{"embeddable":true,"href":"https:\/\/www.radiointeractivo.com.mx\/index.php?rest_route=\/wp\/v2\/users\/1"}],"replies":[{"embeddable":true,"href":"https:\/\/www.radiointeractivo.com.mx\/index.php?rest_route=%2Fwp%2Fv2%2Fcomments&post=11098"}],"version-history":[{"count":1,"href":"https:\/\/www.radiointeractivo.com.mx\/index.php?rest_route=\/wp\/v2\/posts\/11098\/revisions"}],"predecessor-version":[{"id":11100,"href":"https:\/\/www.radiointeractivo.com.mx\/index.php?rest_route=\/wp\/v2\/posts\/11098\/revisions\/11100"}],"wp:featuredmedia":[{"embeddable":true,"href":"https:\/\/www.radiointeractivo.com.mx\/index.php?rest_route=\/wp\/v2\/media\/11099"}],"wp:attachment":[{"href":"https:\/\/www.radiointeractivo.com.mx\/index.php?rest_route=%2Fwp%2Fv2%2Fmedia&parent=11098"}],"wp:term":[{"taxonomy":"category","embeddable":true,"href":"https:\/\/www.radiointeractivo.com.mx\/index.php?rest_route=%2Fwp%2Fv2%2Fcategories&post=11098"},{"taxonomy":"post_tag","embeddable":true,"href":"https:\/\/www.radiointeractivo.com.mx\/index.php?rest_route=%2Fwp%2Fv2%2Ftags&post=11098"}],"curies":[{"name":"wp","href":"https:\/\/api.w.org\/{rel}","templated":true}]}}