{"id":11095,"date":"2024-11-07T20:51:21","date_gmt":"2024-11-08T02:51:21","guid":{"rendered":"https:\/\/www.radiointeractivo.com.mx\/?p=11095"},"modified":"2024-11-07T20:51:23","modified_gmt":"2024-11-08T02:51:23","slug":"fortalecera-set-prevencion-de-la-violencia-en-escuelas","status":"publish","type":"post","link":"https:\/\/www.radiointeractivo.com.mx\/?p=11095","title":{"rendered":"Fortalecer\u00e1 SET prevenci\u00f3n de la violencia en escuelas"},"content":{"rendered":"\n<figure class=\"wp-block-image size-large\"><img loading=\"lazy\" decoding=\"async\" width=\"1024\" height=\"693\" src=\"https:\/\/www.radiointeractivo.com.mx\/wp-content\/uploads\/2024\/11\/WhatsApp-Image-2024-11-07-at-7.33.59-PM-1024x693.jpeg\" alt=\"\" class=\"wp-image-11096\" srcset=\"https:\/\/www.radiointeractivo.com.mx\/wp-content\/uploads\/2024\/11\/WhatsApp-Image-2024-11-07-at-7.33.59-PM-1024x693.jpeg 1024w, https:\/\/www.radiointeractivo.com.mx\/wp-content\/uploads\/2024\/11\/WhatsApp-Image-2024-11-07-at-7.33.59-PM-300x203.jpeg 300w, https:\/\/www.radiointeractivo.com.mx\/wp-content\/uploads\/2024\/11\/WhatsApp-Image-2024-11-07-at-7.33.59-PM-768x520.jpeg 768w, https:\/\/www.radiointeractivo.com.mx\/wp-content\/uploads\/2024\/11\/WhatsApp-Image-2024-11-07-at-7.33.59-PM-110x75.jpeg 110w, https:\/\/www.radiointeractivo.com.mx\/wp-content\/uploads\/2024\/11\/WhatsApp-Image-2024-11-07-at-7.33.59-PM.jpeg 1360w\" sizes=\"auto, (max-width: 1024px) 100vw, 1024px\" \/><\/figure>\n\n\n\n<p>Por: Agencias<\/p>\n\n\n\n<p>Matamoros, Tamaulipas.- Para reducir la incidencia de nuevos casos de violencia entre la infancia y la juventud, la Secretar\u00eda de Educaci\u00f3n de Tamaulipas, fortalecer\u00e1 las medidas e iniciativas de prevenci\u00f3n de la violencia en las escuelas, expres\u00f3 su titular, Luc\u00eda Aim\u00e9 Castillo Pastor.<\/p>\n\n\n\n<p>\u201cVamos a fortalecer toda la tarea de prevenci\u00f3n en las escuelas, hemos hablado de un proyecto que est\u00e1 empuj\u00e1ndose a trav\u00e9s de jornadas, de trabajo interinstitucional, para buscar recuperar esta cultura de paz que debe permear en todos los que formamos esta sociedad\u201d, precis\u00f3.<\/p>\n\n\n\n<p>Indic\u00f3 que el reto es motivar a las y los j\u00f3venes a que practiquen los valores fundamentales como son la tolerancia, la empat\u00eda, la comunicaci\u00f3n y el respeto: \u201ccreo que es una lucha permanente en la que tenemos que trabajar todos, colaborar desde las familias, los profesores y por supuesto generar ambientes al interior de las escuelas que permitan fortalecer esta recuperaci\u00f3n de los espacios p\u00fablicos y tambi\u00e9n de la posibilidad de que la sociedad participe m\u00e1s\u201d, puntualiz\u00f3.<\/p>\n\n\n\n<p>Castillo Pastor se\u00f1al\u00f3 que se compartir\u00e1n estrategias implementadas en planteles educativos que presentan una situaci\u00f3n de violencia, para poder generar entre las y los estudiantes buenas pr\u00e1cticas alejadas de conductas violentas.<\/p>\n\n\n\n<p>\u201cEs importante para poder ser sociedades m\u00e1s colaborativas y participativas como lo ha convocado nuestro gobernador, tenemos que empezar desde muy peque\u00f1os a generar esta necesidad de identificaci\u00f3n de los valores, que incluso la Nueva Escuela Mexicana plantea con mucho \u00e9nfasis\u201d.<\/p>\n\n\n\n<p>La titular de la SET recalc\u00f3 que como sociedad debemos rechazar cualquier tipo de violencia, independientemente de los casos de violencia de g\u00e9nero, la cual es totalmente reprobable.<\/p>\n\n\n\n<p>Asegur\u00f3 que desde el Gobierno del Estado que lidera el doctor Am\u00e9rico Villarreal Anaya, se impulsan en las escuelas, pol\u00edticas p\u00fablicas que propicien un ambiente de armon\u00eda, paz y valores que d\u00e9 como resultado entornos estudiantiles sanos y seguros.<\/p>\n","protected":false},"excerpt":{"rendered":"<p>Por: Agencias Matamoros, Tamaulipas.- Para reducir la incidencia de nuevos casos de violencia entre la infancia y la juventud, la Secretar\u00eda de Educaci\u00f3n de Tamaulipas, fortalecer\u00e1 las medidas e iniciativas de prevenci\u00f3n de la violencia en las escuelas, expres\u00f3 su titular, Luc\u00eda Aim\u00e9 Castillo Pastor. \u201cVamos a fortalecer toda la tarea de prevenci\u00f3n en las &hellip;<\/p>\n","protected":false},"author":1,"featured_media":11096,"comment_status":"open","ping_status":"open","sticky":false,"template":"","format":"standard","meta":{"footnotes":""},"categories":[39],"tags":[],"class_list":["post-11095","post","type-post","status-publish","format-standard","has-post-thumbnail","","category-tamaulipas"],"_links":{"self":[{"href":"https:\/\/www.radiointeractivo.com.mx\/index.php?rest_route=\/wp\/v2\/posts\/11095","targetHints":{"allow":["GET"]}}],"collection":[{"href":"https:\/\/www.radiointeractivo.com.mx\/index.php?rest_route=\/wp\/v2\/posts"}],"about":[{"href":"https:\/\/www.radiointeractivo.com.mx\/index.php?rest_route=\/wp\/v2\/types\/post"}],"author":[{"embeddable":true,"href":"https:\/\/www.radiointeractivo.com.mx\/index.php?rest_route=\/wp\/v2\/users\/1"}],"replies":[{"embeddable":true,"href":"https:\/\/www.radiointeractivo.com.mx\/index.php?rest_route=%2Fwp%2Fv2%2Fcomments&post=11095"}],"version-history":[{"count":1,"href":"https:\/\/www.radiointeractivo.com.mx\/index.php?rest_route=\/wp\/v2\/posts\/11095\/revisions"}],"predecessor-version":[{"id":11097,"href":"https:\/\/www.radiointeractivo.com.mx\/index.php?rest_route=\/wp\/v2\/posts\/11095\/revisions\/11097"}],"wp:featuredmedia":[{"embeddable":true,"href":"https:\/\/www.radiointeractivo.com.mx\/index.php?rest_route=\/wp\/v2\/media\/11096"}],"wp:attachment":[{"href":"https:\/\/www.radiointeractivo.com.mx\/index.php?rest_route=%2Fwp%2Fv2%2Fmedia&parent=11095"}],"wp:term":[{"taxonomy":"category","embeddable":true,"href":"https:\/\/www.radiointeractivo.com.mx\/index.php?rest_route=%2Fwp%2Fv2%2Fcategories&post=11095"},{"taxonomy":"post_tag","embeddable":true,"href":"https:\/\/www.radiointeractivo.com.mx\/index.php?rest_route=%2Fwp%2Fv2%2Ftags&post=11095"}],"curies":[{"name":"wp","href":"https:\/\/api.w.org\/{rel}","templated":true}]}}