{"id":11086,"date":"2024-11-07T20:41:47","date_gmt":"2024-11-08T02:41:47","guid":{"rendered":"https:\/\/www.radiointeractivo.com.mx\/?p=11086"},"modified":"2024-11-07T20:41:49","modified_gmt":"2024-11-08T02:41:49","slug":"reinstala-sst-comite-de-morbilidad-y-mortalidad-materna-y-perinatal","status":"publish","type":"post","link":"https:\/\/www.radiointeractivo.com.mx\/?p=11086","title":{"rendered":"Reinstala SST Comit\u00e9 de Morbilidad y Mortalidad Materna y Perinatal"},"content":{"rendered":"\n<figure class=\"wp-block-image size-large\"><img loading=\"lazy\" decoding=\"async\" width=\"1024\" height=\"682\" src=\"https:\/\/www.radiointeractivo.com.mx\/wp-content\/uploads\/2024\/11\/WhatsApp-Image-2024-11-07-at-5.56.20-PM-1024x682.jpeg\" alt=\"\" class=\"wp-image-11087\" srcset=\"https:\/\/www.radiointeractivo.com.mx\/wp-content\/uploads\/2024\/11\/WhatsApp-Image-2024-11-07-at-5.56.20-PM-1024x682.jpeg 1024w, https:\/\/www.radiointeractivo.com.mx\/wp-content\/uploads\/2024\/11\/WhatsApp-Image-2024-11-07-at-5.56.20-PM-300x200.jpeg 300w, https:\/\/www.radiointeractivo.com.mx\/wp-content\/uploads\/2024\/11\/WhatsApp-Image-2024-11-07-at-5.56.20-PM-768x512.jpeg 768w, https:\/\/www.radiointeractivo.com.mx\/wp-content\/uploads\/2024\/11\/WhatsApp-Image-2024-11-07-at-5.56.20-PM-1536x1023.jpeg 1536w, https:\/\/www.radiointeractivo.com.mx\/wp-content\/uploads\/2024\/11\/WhatsApp-Image-2024-11-07-at-5.56.20-PM-310x205.jpeg 310w, https:\/\/www.radiointeractivo.com.mx\/wp-content\/uploads\/2024\/11\/WhatsApp-Image-2024-11-07-at-5.56.20-PM.jpeg 1600w\" sizes=\"auto, (max-width: 1024px) 100vw, 1024px\" \/><\/figure>\n\n\n\n<p>Por: Agencias<\/p>\n\n\n\n<p>Ciudad Victoria, Tamaulipas.- Para establecer metas y aplicar medidas que eviten la morbilidad y mortalidad materna y perinatal en el estado, el secretario de Salud, Vicente Joel Hern\u00e1ndez Navarro, firm\u00f3 el Acta de Reinstalaci\u00f3n del Comit\u00e9, Estudio y Seguimiento de estos indicadores.<\/p>\n\n\n\n<p>Al considerar un tema prioritario en la agenda del gobernador Am\u00e9rico Villarreal Anaya, en la reuni\u00f3n de Reinstalaci\u00f3n del Comit\u00e9 Interinstitucional de Prevenci\u00f3n, Estudio y Seguimiento de la Morbilidad y Mortalidad Materna y Perinatal, el titular de salud destac\u00f3 que se han implementado acciones espec\u00edficas enfocadas a mejorar la salud de la mujer durante el embarazo y una de ellas es el funcionamiento de una aplicaci\u00f3n de atenci\u00f3n y servicio.<\/p>\n\n\n\n<p>\u201cEl doctor Am\u00e9rico ha hecho esfuerzos sin precedentes que inician desde el primer nivel de atenci\u00f3n, hasta las unidades especializadas y en estos dos a\u00f1os de su gobierno, se ha dado seguimiento personalizado a m\u00e1s de 8 mil embarazadas y sus familias a trav\u00e9s de una plataforma que est\u00e1 dividida en tres secciones, norte, sur y centro de la entidad y en donde se tiene contacto directo con las unidades m\u00e9dicas de la Secretar\u00eda de Salud, IMSS Bienestar e IMSS ordinario y se ha trabajado indirectamente con el ISSSTE\u201d, se\u00f1al\u00f3.<\/p>\n\n\n\n<p>Dijo que este proyecto de atenci\u00f3n espec\u00edfica, contempla agregar las instituciones privadas, en donde la \u00fanica finalidad es disminuir la morbilidad y mortalidad a trav\u00e9s de la atenci\u00f3n que se otorga mediante la aplicaci\u00f3n \u201cal inicio del proyecto, 34 pacientes llegaban a terapia intensiva, posteriormente se redujo a 18 y finalmente a 14 que llevamos en este momento, es un impacto bastante importante\u201d.<\/p>\n\n\n\n<p>Este comit\u00e9 eval\u00faa los resultados m\u00e1s significativos que es la disminuci\u00f3n de la mortalidad, pero el esfuerzo conjunto de las jurisdicciones sanitarias, los centros de salud y las \u00e1reas de salud reproductiva, han dado el seguimiento oportuno a la red de embarazadas.<\/p>\n\n\n\n<p>Por \u00faltimo, refiri\u00f3 que los resultados de evaluaci\u00f3n que emite el comit\u00e9, permitir\u00e1n realizar una serie de medidas operacionales en las unidades p\u00fablicas y privadas de la entidad, as\u00ed como implementar las acciones de atenci\u00f3n a trav\u00e9s de la plataforma y que al momento de que aparezca una emergencia o que la paciente tenga signos de alerta, se de una respuesta inmediata del personal especializado y de las unidades de salud.<\/p>\n\n\n\n<p>La reuni\u00f3n que se llev\u00f3 a cabo en las instalaciones de la Secretar\u00eda de Salud de esta ciudad y se cont\u00f3 con la asistencia del titular del \u00d3rgano de Operaci\u00f3n Administrativa Desconcentrado del IMSS, Federico H\u00e9ctor Mar\u00edn Mart\u00ednez; el subdelegado m\u00e9dico del ISSSTE, Ernesto Lav\u00edn Hern\u00e1ndez; el director del Hospital Regional de Alta Especialidad, Daniel Dur\u00e1n Perales, el subsecretario de Salud P\u00fablica, Rembrandt Reyes N\u00e1jera; el subsecretario de Atenci\u00f3n M\u00e9dica, Mart\u00edn Arturo Rodr\u00edguez Alcocer; la subsecretaria de Enfermer\u00eda, Irma Barrag\u00e1n Alvarado y el subsecretario de Planeaci\u00f3n y Calidad, Gabriel de la Garza Garza, entre otros funcionarios.<\/p>\n","protected":false},"excerpt":{"rendered":"<p>Por: Agencias Ciudad Victoria, Tamaulipas.- Para establecer metas y aplicar medidas que eviten la morbilidad y mortalidad materna y perinatal en el estado, el secretario de Salud, Vicente Joel Hern\u00e1ndez Navarro, firm\u00f3 el Acta de Reinstalaci\u00f3n del Comit\u00e9, Estudio y Seguimiento de estos indicadores. Al considerar un tema prioritario en la agenda del gobernador Am\u00e9rico &hellip;<\/p>\n","protected":false},"author":1,"featured_media":11087,"comment_status":"open","ping_status":"open","sticky":false,"template":"","format":"standard","meta":{"footnotes":""},"categories":[39],"tags":[],"class_list":["post-11086","post","type-post","status-publish","format-standard","has-post-thumbnail","","category-tamaulipas"],"_links":{"self":[{"href":"https:\/\/www.radiointeractivo.com.mx\/index.php?rest_route=\/wp\/v2\/posts\/11086","targetHints":{"allow":["GET"]}}],"collection":[{"href":"https:\/\/www.radiointeractivo.com.mx\/index.php?rest_route=\/wp\/v2\/posts"}],"about":[{"href":"https:\/\/www.radiointeractivo.com.mx\/index.php?rest_route=\/wp\/v2\/types\/post"}],"author":[{"embeddable":true,"href":"https:\/\/www.radiointeractivo.com.mx\/index.php?rest_route=\/wp\/v2\/users\/1"}],"replies":[{"embeddable":true,"href":"https:\/\/www.radiointeractivo.com.mx\/index.php?rest_route=%2Fwp%2Fv2%2Fcomments&post=11086"}],"version-history":[{"count":1,"href":"https:\/\/www.radiointeractivo.com.mx\/index.php?rest_route=\/wp\/v2\/posts\/11086\/revisions"}],"predecessor-version":[{"id":11088,"href":"https:\/\/www.radiointeractivo.com.mx\/index.php?rest_route=\/wp\/v2\/posts\/11086\/revisions\/11088"}],"wp:featuredmedia":[{"embeddable":true,"href":"https:\/\/www.radiointeractivo.com.mx\/index.php?rest_route=\/wp\/v2\/media\/11087"}],"wp:attachment":[{"href":"https:\/\/www.radiointeractivo.com.mx\/index.php?rest_route=%2Fwp%2Fv2%2Fmedia&parent=11086"}],"wp:term":[{"taxonomy":"category","embeddable":true,"href":"https:\/\/www.radiointeractivo.com.mx\/index.php?rest_route=%2Fwp%2Fv2%2Fcategories&post=11086"},{"taxonomy":"post_tag","embeddable":true,"href":"https:\/\/www.radiointeractivo.com.mx\/index.php?rest_route=%2Fwp%2Fv2%2Ftags&post=11086"}],"curies":[{"name":"wp","href":"https:\/\/api.w.org\/{rel}","templated":true}]}}