{"id":10986,"date":"2024-11-05T21:18:31","date_gmt":"2024-11-06T03:18:31","guid":{"rendered":"https:\/\/www.radiointeractivo.com.mx\/?p=10986"},"modified":"2024-11-05T21:18:33","modified_gmt":"2024-11-06T03:18:33","slug":"entrega-gobernador-fiat-de-notarios-publicos","status":"publish","type":"post","link":"https:\/\/www.radiointeractivo.com.mx\/?p=10986","title":{"rendered":"Entrega gobernador Fiat de notarios p\u00fablicos"},"content":{"rendered":"\n<figure class=\"wp-block-image size-large\"><img loading=\"lazy\" decoding=\"async\" width=\"1024\" height=\"683\" src=\"https:\/\/www.radiointeractivo.com.mx\/wp-content\/uploads\/2024\/11\/WhatsApp-Image-2024-11-05-at-6.33.26-PM-1024x683.jpeg\" alt=\"\" class=\"wp-image-10987\" srcset=\"https:\/\/www.radiointeractivo.com.mx\/wp-content\/uploads\/2024\/11\/WhatsApp-Image-2024-11-05-at-6.33.26-PM-1024x683.jpeg 1024w, https:\/\/www.radiointeractivo.com.mx\/wp-content\/uploads\/2024\/11\/WhatsApp-Image-2024-11-05-at-6.33.26-PM-300x200.jpeg 300w, https:\/\/www.radiointeractivo.com.mx\/wp-content\/uploads\/2024\/11\/WhatsApp-Image-2024-11-05-at-6.33.26-PM-768x512.jpeg 768w, https:\/\/www.radiointeractivo.com.mx\/wp-content\/uploads\/2024\/11\/WhatsApp-Image-2024-11-05-at-6.33.26-PM-1536x1024.jpeg 1536w, https:\/\/www.radiointeractivo.com.mx\/wp-content\/uploads\/2024\/11\/WhatsApp-Image-2024-11-05-at-6.33.26-PM.jpeg 1599w\" sizes=\"auto, (max-width: 1024px) 100vw, 1024px\" \/><\/figure>\n\n\n\n<p>-Am\u00e9rico Villarreal exhorta a los nuevos fedatarios a desempe\u00f1ar sus funciones conforme a la ley y los principios \u00e9ticos que rigen el ejercicio de sus labores profesionales<\/p>\n\n\n\n<p>Por: Agencias<\/p>\n\n\n\n<p>Ciudad Victoria, Tamaulipas.- El gobernador Am\u00e9rico Villarreal Anaya entreg\u00f3 fiat de notarios p\u00fablicos a seis profesionistas, quienes ejercer\u00e1n sus funciones en diversos distritos judiciales del estado, luego de aprobar el examen correspondiente.<\/p>\n\n\n\n<p>Durante la ceremonia llevada a cabo en el sal\u00f3n Benito Ju\u00e1rez, de Palacio de Gobierno, el mandatario estatal, acompa\u00f1ado por el secretario general de Gobierno, H\u00e9ctor Joel Villegas y la consejera jur\u00eddica, Tania Contreras L\u00f3pez entreg\u00f3 los fiat de notario p\u00fablico a: Blanca Azucena Trevi\u00f1o Cisneros, fiat de Notario P\u00fablico n\u00famero 49, en el Quinto Distrito Judicial con residencia en Reynosa; a Yadira Judith Cepeda Sosa, fiat de Notario P\u00fablico n\u00famero 93, en el D\u00e9cimo Distrito Judicial con residencia en Padilla y a Irma Estela Cruz Cant\u00fa, Fiat de Notario P\u00fablico n\u00famero 114, en el Segundo Distrito Judicial que abarca los municipios de Tampico, Madero y Altamira.<\/p>\n\n\n\n<p>Tambi\u00e9n recibieron su documento: Jes\u00fas L\u00f3pez Sald\u00edvar, Fiat de Notario P\u00fablico n\u00famero 145, en el Quinto Distrito Judicial con residencia en Reynosa; Carlos Alberto Garc\u00eda Porres, Fiat de Notario P\u00fablico n\u00famero 191, en el Segundo Distrito Judicial que abarca los municipios de Tampico, Madero y Altamira y Francisco Javier Zolezzi Lav\u00edn, Fiat de Notario P\u00fablico n\u00famero 187, en el Noveno Distrito Judicial con residencia en Tula.<\/p>\n\n\n\n<p>Durante la entrega, el gobernador Am\u00e9rico Villarreal exhort\u00f3 a los nuevos fedatarios a desempe\u00f1ar sus funciones conforme a lo estipulado en la Ley del Notariado del Estado de Tamaulipas y destac\u00f3 la importancia de los principios de responsabilidad, certeza jur\u00eddica, confiabilidad, transparencia y profesionalismo en el ejercicio de sus labores.<\/p>\n\n\n\n<p>Subray\u00f3 que estos valores son fundamentales para fortalecer la seguridad jur\u00eddica en el estado y para garantizar a la ciudadan\u00eda servicios notariales de calidad.<\/p>\n\n\n\n<p>Tambi\u00e9n acompa\u00f1aron al gobernador en la ceremonia: el subsecretario de Legalidad y Servicios Gubernamentales, Jorge Luis Beas G\u00e1mez; Ludivina Aldape Garfias, coordinadora general de Legalidad y Guillermina Reynoso Ochoa, directora de Asuntos Notariales.<\/p>\n","protected":false},"excerpt":{"rendered":"<p>-Am\u00e9rico Villarreal exhorta a los nuevos fedatarios a desempe\u00f1ar sus funciones conforme a la ley y los principios \u00e9ticos que rigen el ejercicio de sus labores profesionales Por: Agencias Ciudad Victoria, Tamaulipas.- El gobernador Am\u00e9rico Villarreal Anaya entreg\u00f3 fiat de notarios p\u00fablicos a seis profesionistas, quienes ejercer\u00e1n sus funciones en diversos distritos judiciales del estado, &hellip;<\/p>\n","protected":false},"author":1,"featured_media":10987,"comment_status":"open","ping_status":"open","sticky":false,"template":"","format":"standard","meta":{"footnotes":""},"categories":[39],"tags":[],"class_list":["post-10986","post","type-post","status-publish","format-standard","has-post-thumbnail","","category-tamaulipas"],"_links":{"self":[{"href":"https:\/\/www.radiointeractivo.com.mx\/index.php?rest_route=\/wp\/v2\/posts\/10986","targetHints":{"allow":["GET"]}}],"collection":[{"href":"https:\/\/www.radiointeractivo.com.mx\/index.php?rest_route=\/wp\/v2\/posts"}],"about":[{"href":"https:\/\/www.radiointeractivo.com.mx\/index.php?rest_route=\/wp\/v2\/types\/post"}],"author":[{"embeddable":true,"href":"https:\/\/www.radiointeractivo.com.mx\/index.php?rest_route=\/wp\/v2\/users\/1"}],"replies":[{"embeddable":true,"href":"https:\/\/www.radiointeractivo.com.mx\/index.php?rest_route=%2Fwp%2Fv2%2Fcomments&post=10986"}],"version-history":[{"count":1,"href":"https:\/\/www.radiointeractivo.com.mx\/index.php?rest_route=\/wp\/v2\/posts\/10986\/revisions"}],"predecessor-version":[{"id":10988,"href":"https:\/\/www.radiointeractivo.com.mx\/index.php?rest_route=\/wp\/v2\/posts\/10986\/revisions\/10988"}],"wp:featuredmedia":[{"embeddable":true,"href":"https:\/\/www.radiointeractivo.com.mx\/index.php?rest_route=\/wp\/v2\/media\/10987"}],"wp:attachment":[{"href":"https:\/\/www.radiointeractivo.com.mx\/index.php?rest_route=%2Fwp%2Fv2%2Fmedia&parent=10986"}],"wp:term":[{"taxonomy":"category","embeddable":true,"href":"https:\/\/www.radiointeractivo.com.mx\/index.php?rest_route=%2Fwp%2Fv2%2Fcategories&post=10986"},{"taxonomy":"post_tag","embeddable":true,"href":"https:\/\/www.radiointeractivo.com.mx\/index.php?rest_route=%2Fwp%2Fv2%2Ftags&post=10986"}],"curies":[{"name":"wp","href":"https:\/\/api.w.org\/{rel}","templated":true}]}}