{"id":10967,"date":"2024-11-05T16:19:40","date_gmt":"2024-11-05T22:19:40","guid":{"rendered":"https:\/\/www.radiointeractivo.com.mx\/?p=10967"},"modified":"2024-11-05T16:19:41","modified_gmt":"2024-11-05T22:19:41","slug":"realizan-teachers-de-tamaulipas-encuentro-pedagogico","status":"publish","type":"post","link":"https:\/\/www.radiointeractivo.com.mx\/?p=10967","title":{"rendered":"Realizan teachers de Tamaulipas Encuentro Pedag\u00f3gico"},"content":{"rendered":"\n<figure class=\"wp-block-image size-large\"><img loading=\"lazy\" decoding=\"async\" width=\"1024\" height=\"683\" src=\"https:\/\/www.radiointeractivo.com.mx\/wp-content\/uploads\/2024\/11\/WhatsApp-Image-2024-11-04-at-9.01.41-PM-1024x683.jpeg\" alt=\"\" class=\"wp-image-10968\" srcset=\"https:\/\/www.radiointeractivo.com.mx\/wp-content\/uploads\/2024\/11\/WhatsApp-Image-2024-11-04-at-9.01.41-PM-1024x683.jpeg 1024w, https:\/\/www.radiointeractivo.com.mx\/wp-content\/uploads\/2024\/11\/WhatsApp-Image-2024-11-04-at-9.01.41-PM-300x200.jpeg 300w, https:\/\/www.radiointeractivo.com.mx\/wp-content\/uploads\/2024\/11\/WhatsApp-Image-2024-11-04-at-9.01.41-PM-768x512.jpeg 768w, https:\/\/www.radiointeractivo.com.mx\/wp-content\/uploads\/2024\/11\/WhatsApp-Image-2024-11-04-at-9.01.41-PM.jpeg 1500w\" sizes=\"auto, (max-width: 1024px) 100vw, 1024px\" \/><\/figure>\n\n\n\n<p>-Asesores Externos Especializados (AEE) en ingl\u00e9s y docentes de secundaria asisten al Segundo Encuentro Pedag\u00f3gico Estatal \u201cTeachers Moving Forward\u201d en Tampico<\/p>\n\n\n\n<p>Por: Agencias<\/p>\n\n\n\n<p>Tampico, Tamaulipas.\u2013 Asesores Externos Especializados (AEE) en ingl\u00e9s y docentes de secundaria de diversas regiones de Tamaulipas, participan en el Segundo Encuentro Pedag\u00f3gico \u201cTeachers Moving Forward\u201d que se realiza este lunes y martes en el municipio de Tampico.<\/p>\n\n\n\n<p>A nombre de Luc\u00eda Aim\u00e9 Castillo Pastor, secretaria de Educaci\u00f3n, la maestra Marcela Ram\u00edrez Jord\u00e1n, subsecretaria de Educaci\u00f3n B\u00e1sica inaugur\u00f3 este tercer encuentro.<\/p>\n\n\n\n<p>En su mensaje, reconoci\u00f3 la funci\u00f3n de los teachers en la formaci\u00f3n de las y los estudiantes de Tamaulipas: \u201csu labor es fundamental en la formaci\u00f3n de nuestras ni\u00f1as y nuestros ni\u00f1os, en la perspectiva de que tengan ellas y ellos la oportunidad de vivir el mejor presente, y tengan la oportunidad de construirse el mejor futuro que puedan imaginar\u201d.<\/p>\n\n\n\n<p>Por su parte, el titular de la Coordinaci\u00f3n de Ingl\u00e9s, perteneciente a la Subsecretar\u00eda de Educaci\u00f3n B\u00e1sica de la Secretar\u00eda de Educaci\u00f3n de Tamaulipas, Ulises Berlanga Medrano, se\u00f1al\u00f3 que el objetivo del encuentro es proporcionar a los asistentes conocimientos, competencias y habilidades para impartir ingl\u00e9s de manera efectiva en el aula, optimizando estrategias did\u00e1cticas y recursos metodol\u00f3gicos atractivos para las y los estudiantes.<\/p>\n\n\n\n<p>\u201cLos participantes trabajar\u00e1n en temas como innovaci\u00f3n en estrategias t\u00e9cnico-pedag\u00f3gicas para el fortalecimiento de la ense\u00f1anza, conforme al plan de estudios de primaria, centrado en Aprendizajes Clave del idioma ingl\u00e9s\u201d, expres\u00f3.<\/p>\n\n\n\n<p>Dijo tambi\u00e9n, que se busca que las y los docentes fomenten una educaci\u00f3n equitativa e inclusiva, adaptada a la diversidad y potencial de cada grupo de estudiantes, que desarrolle habilidades orales y escritas en hablantes nativos y no nativos de ingl\u00e9s.<\/p>\n\n\n\n<p>Berlanga Medrano mencion\u00f3 que el encuentro contempla conferencias magistrales orientadas a generar conocimientos que apoyen la toma de decisiones estrat\u00e9gicas y promuevan el seguimiento acad\u00e9mico en la ense\u00f1anza del ingl\u00e9s en Tamaulipas.<\/p>\n\n\n\n<p>Explic\u00f3 adem\u00e1s que este encuentro se llev\u00f3 a cabo ya en las regiones norte y central, en las ciudades de Reynosa y Victoria, respectivamente, por lo que se espera que en los tres encuentros de \u201cTeachers Moving Forward\u201d, participen alrededor de mil 200 figuras educativas, entre Asesores Externos Especializados en ingl\u00e9s y docentes de secundaria.<\/p>\n\n\n\n<p>De esta manera, la Secretar\u00eda de Educaci\u00f3n de Tamaulipas implementa actividades que fomentan una visi\u00f3n educativa humanista, inclusiva y de calidad, acorde a las pol\u00edticas que impulsa el gobernador Am\u00e9rico Villarreal Anaya.<\/p>\n","protected":false},"excerpt":{"rendered":"<p>-Asesores Externos Especializados (AEE) en ingl\u00e9s y docentes de secundaria asisten al Segundo Encuentro Pedag\u00f3gico Estatal \u201cTeachers Moving Forward\u201d en Tampico Por: Agencias Tampico, Tamaulipas.\u2013 Asesores Externos Especializados (AEE) en ingl\u00e9s y docentes de secundaria de diversas regiones de Tamaulipas, participan en el Segundo Encuentro Pedag\u00f3gico \u201cTeachers Moving Forward\u201d que se realiza este lunes y &hellip;<\/p>\n","protected":false},"author":1,"featured_media":10968,"comment_status":"open","ping_status":"open","sticky":false,"template":"","format":"standard","meta":{"footnotes":""},"categories":[39],"tags":[],"class_list":["post-10967","post","type-post","status-publish","format-standard","has-post-thumbnail","","category-tamaulipas"],"_links":{"self":[{"href":"https:\/\/www.radiointeractivo.com.mx\/index.php?rest_route=\/wp\/v2\/posts\/10967","targetHints":{"allow":["GET"]}}],"collection":[{"href":"https:\/\/www.radiointeractivo.com.mx\/index.php?rest_route=\/wp\/v2\/posts"}],"about":[{"href":"https:\/\/www.radiointeractivo.com.mx\/index.php?rest_route=\/wp\/v2\/types\/post"}],"author":[{"embeddable":true,"href":"https:\/\/www.radiointeractivo.com.mx\/index.php?rest_route=\/wp\/v2\/users\/1"}],"replies":[{"embeddable":true,"href":"https:\/\/www.radiointeractivo.com.mx\/index.php?rest_route=%2Fwp%2Fv2%2Fcomments&post=10967"}],"version-history":[{"count":1,"href":"https:\/\/www.radiointeractivo.com.mx\/index.php?rest_route=\/wp\/v2\/posts\/10967\/revisions"}],"predecessor-version":[{"id":10969,"href":"https:\/\/www.radiointeractivo.com.mx\/index.php?rest_route=\/wp\/v2\/posts\/10967\/revisions\/10969"}],"wp:featuredmedia":[{"embeddable":true,"href":"https:\/\/www.radiointeractivo.com.mx\/index.php?rest_route=\/wp\/v2\/media\/10968"}],"wp:attachment":[{"href":"https:\/\/www.radiointeractivo.com.mx\/index.php?rest_route=%2Fwp%2Fv2%2Fmedia&parent=10967"}],"wp:term":[{"taxonomy":"category","embeddable":true,"href":"https:\/\/www.radiointeractivo.com.mx\/index.php?rest_route=%2Fwp%2Fv2%2Fcategories&post=10967"},{"taxonomy":"post_tag","embeddable":true,"href":"https:\/\/www.radiointeractivo.com.mx\/index.php?rest_route=%2Fwp%2Fv2%2Ftags&post=10967"}],"curies":[{"name":"wp","href":"https:\/\/api.w.org\/{rel}","templated":true}]}}