{"id":10951,"date":"2024-11-04T17:14:54","date_gmt":"2024-11-04T23:14:54","guid":{"rendered":"https:\/\/www.radiointeractivo.com.mx\/?p=10951"},"modified":"2024-11-04T17:14:55","modified_gmt":"2024-11-04T23:14:55","slug":"invita-dif-tamaulipas-al-primer-congreso-estatal-de-trabajo-social","status":"publish","type":"post","link":"https:\/\/www.radiointeractivo.com.mx\/?p=10951","title":{"rendered":"Invita DIF Tamaulipas al Primer Congreso Estatal de Trabajo Social"},"content":{"rendered":"\n<figure class=\"wp-block-image size-large\"><img loading=\"lazy\" decoding=\"async\" width=\"1024\" height=\"682\" src=\"https:\/\/www.radiointeractivo.com.mx\/wp-content\/uploads\/2024\/11\/WhatsApp-Image-2024-11-04-at-4.19.17-PM-1024x682.jpeg\" alt=\"\" class=\"wp-image-10952\" srcset=\"https:\/\/www.radiointeractivo.com.mx\/wp-content\/uploads\/2024\/11\/WhatsApp-Image-2024-11-04-at-4.19.17-PM-1024x682.jpeg 1024w, https:\/\/www.radiointeractivo.com.mx\/wp-content\/uploads\/2024\/11\/WhatsApp-Image-2024-11-04-at-4.19.17-PM-300x200.jpeg 300w, https:\/\/www.radiointeractivo.com.mx\/wp-content\/uploads\/2024\/11\/WhatsApp-Image-2024-11-04-at-4.19.17-PM-768x512.jpeg 768w, https:\/\/www.radiointeractivo.com.mx\/wp-content\/uploads\/2024\/11\/WhatsApp-Image-2024-11-04-at-4.19.17-PM-1536x1023.jpeg 1536w, https:\/\/www.radiointeractivo.com.mx\/wp-content\/uploads\/2024\/11\/WhatsApp-Image-2024-11-04-at-4.19.17-PM-310x205.jpeg 310w, https:\/\/www.radiointeractivo.com.mx\/wp-content\/uploads\/2024\/11\/WhatsApp-Image-2024-11-04-at-4.19.17-PM.jpeg 1600w\" sizes=\"auto, (max-width: 1024px) 100vw, 1024px\" \/><\/figure>\n\n\n\n<p>-Durante dos d\u00edas de trabajo, los profesionales de la materia compartir\u00e1n conocimientos avanzados destinados a brindar una mejor atenci\u00f3n<\/p>\n\n\n\n<p>Por: Agencias<\/p>\n\n\n\n<p>Ciudad Victoria, Tamaulipas.- El Sistema para el Desarrollo Integral de la Familia de Tamaulipas, que preside la doctora Mar\u00eda de Villarreal, est\u00e1 preparando el Primer Congreso Estatal de Trabajo Social, el cual se llevar\u00e1 a cabo en esta capital el pr\u00f3ximo 7 y 8 de noviembre en el Auditorio del Sistema DIF.<\/p>\n\n\n\n<p>El trabajo social y la \u00e9tica profesional en el \u00e1mbito jur\u00eddico, la importancia del diagn\u00f3stico social y el soporte documental en un proceso judicial, atenci\u00f3n a v\u00edctimas de la violencia, intervenci\u00f3n del trabajador social en pacientes indigentes, migrantes, abandono social y redes de apoyo, son algunos de los temas con los que participar\u00e1n los especialistas, quienes van a interactuar en sesiones de preguntas y respuestas.<\/p>\n\n\n\n<p>La conferencia magistral, titulada \u201cLa Actuaci\u00f3n de Trabajo Social en la Procuradur\u00eda de Protecci\u00f3n a Ni\u00f1as, Ni\u00f1os y Adolescentes del Sistema DIF Tamaulipas desde la \u00d3ptica Jur\u00eddica\u201d, ser\u00e1 disertada por Ver\u00f3nica Edith Salazar P\u00e9rez, quien es Agente del Ministerio P\u00fablico Especializado en Impugnaci\u00f3n y Ejecuci\u00f3n de Sanciones Penales del Sistema Acusatorio en el estado de San Luis Potos\u00ed.<\/p>\n\n\n\n<p>Por otra parte, se desarrollar\u00e1 el panel \u201cExperiencias en la atenci\u00f3n hospitalaria de casos de Ni\u00f1as, Ni\u00f1os, Adolescentes y Familia en situaci\u00f3n de vulnerabilidad\u201d.<\/p>\n\n\n\n<p>De esta manera, el Sistema DIF Tamaulipas contin\u00faa con la profesionalizaci\u00f3n de su personal y \u00e1reas afines, con la finalidad de ofrecer un mejor servicio, con una visi\u00f3n humanista y solidaria con quienes requieren los servicios de asistencia social.<\/p>\n","protected":false},"excerpt":{"rendered":"<p>-Durante dos d\u00edas de trabajo, los profesionales de la materia compartir\u00e1n conocimientos avanzados destinados a brindar una mejor atenci\u00f3n Por: Agencias Ciudad Victoria, Tamaulipas.- El Sistema para el Desarrollo Integral de la Familia de Tamaulipas, que preside la doctora Mar\u00eda de Villarreal, est\u00e1 preparando el Primer Congreso Estatal de Trabajo Social, el cual se llevar\u00e1 &hellip;<\/p>\n","protected":false},"author":1,"featured_media":10952,"comment_status":"open","ping_status":"open","sticky":false,"template":"","format":"standard","meta":{"footnotes":""},"categories":[39],"tags":[],"class_list":["post-10951","post","type-post","status-publish","format-standard","has-post-thumbnail","","category-tamaulipas"],"_links":{"self":[{"href":"https:\/\/www.radiointeractivo.com.mx\/index.php?rest_route=\/wp\/v2\/posts\/10951","targetHints":{"allow":["GET"]}}],"collection":[{"href":"https:\/\/www.radiointeractivo.com.mx\/index.php?rest_route=\/wp\/v2\/posts"}],"about":[{"href":"https:\/\/www.radiointeractivo.com.mx\/index.php?rest_route=\/wp\/v2\/types\/post"}],"author":[{"embeddable":true,"href":"https:\/\/www.radiointeractivo.com.mx\/index.php?rest_route=\/wp\/v2\/users\/1"}],"replies":[{"embeddable":true,"href":"https:\/\/www.radiointeractivo.com.mx\/index.php?rest_route=%2Fwp%2Fv2%2Fcomments&post=10951"}],"version-history":[{"count":1,"href":"https:\/\/www.radiointeractivo.com.mx\/index.php?rest_route=\/wp\/v2\/posts\/10951\/revisions"}],"predecessor-version":[{"id":10953,"href":"https:\/\/www.radiointeractivo.com.mx\/index.php?rest_route=\/wp\/v2\/posts\/10951\/revisions\/10953"}],"wp:featuredmedia":[{"embeddable":true,"href":"https:\/\/www.radiointeractivo.com.mx\/index.php?rest_route=\/wp\/v2\/media\/10952"}],"wp:attachment":[{"href":"https:\/\/www.radiointeractivo.com.mx\/index.php?rest_route=%2Fwp%2Fv2%2Fmedia&parent=10951"}],"wp:term":[{"taxonomy":"category","embeddable":true,"href":"https:\/\/www.radiointeractivo.com.mx\/index.php?rest_route=%2Fwp%2Fv2%2Fcategories&post=10951"},{"taxonomy":"post_tag","embeddable":true,"href":"https:\/\/www.radiointeractivo.com.mx\/index.php?rest_route=%2Fwp%2Fv2%2Ftags&post=10951"}],"curies":[{"name":"wp","href":"https:\/\/api.w.org\/{rel}","templated":true}]}}