{"id":1093,"date":"2023-09-01T20:47:18","date_gmt":"2023-09-01T20:47:18","guid":{"rendered":"https:\/\/www.radiointeractivo.com.mx\/?p=1093"},"modified":"2023-09-01T20:47:19","modified_gmt":"2023-09-01T20:47:19","slug":"tamaulipas-oferta-potencial-de-servicios-en-el-xxix-congreso-nacional-de-la-industria-de-reuniones-2023","status":"publish","type":"post","link":"https:\/\/www.radiointeractivo.com.mx\/?p=1093","title":{"rendered":"Tamaulipas oferta potencial de servicios en el \u201cXXIX Congreso Nacional de la Industria de Reuniones 2023\u201d"},"content":{"rendered":"\n<p>Por: Agencias<\/p>\n\n\n\n<p>Saltillo, Coahuila.- En el marco del \u201cXXIX Congreso Nacional de la Industria de Reuniones 2023\u201d, en el vecino estado de Coahuila, el gobierno de Tamaulipas, a trav\u00e9s de la Secretar\u00eda de Turismo, ofrece la calidad y capacidad de infraestructura con la que cuenta la entidad y los prestadores de servicios para sumar la atenci\u00f3n, hacia la industria de reuniones, al abanico de atracciones tur\u00edsticas en la entidad, inform\u00f3 el titular de la dependencia Benjam\u00edn Hern\u00e1ndez Rodr\u00edguez.<\/p>\n\n\n\n<p>En este significativo evento, presidido por Alejandro Ram\u00edrez Tabche, presidente del Consejo Mexicano de la Industria de Reuniones (COMIR) correspondi\u00f3 presentar a las futuras sedes de los congresos: Le\u00f3n, Guanajuato, en 2024 y Tampico, Tamaulipas, en 2025. Este \u00faltimo resalta a Tamaulipas como un destacado actor en el \u00e1mbito del turismo de reuniones.<\/p>\n\n\n\n<p>\u201cEn este evento que re\u00fane a todos los expertos de la industria de reuniones, Tamaulipas se posiciona como un destino en el tema de reuniones, nos estamos preparando para recibir a todos los miembros de la industria en el 2025 en nuestro bello puerto de Tampico\u201d, recalc\u00f3 el secretario de Turismo, Benjam\u00edn Hern\u00e1ndez Rodr\u00edguez.<\/p>\n\n\n\n<p>El \u201cXXIX Congreso Nacional de la Industria de Reuniones 2023\u201d, ofrece una amplia gama de actividades dentro del programa, que incluyen conferencias magistrales, sesiones simult\u00e1neas, talleres especializados, foro sustentable, foro pol\u00edtico y mesas de trabajo. Estos espacios congregan a m\u00e1s de 600 empresarios representando en su mayor\u00eda propietarios o directivos, quienes poseen la capacidad de tomar decisiones en diversos sectores.<\/p>\n\n\n\n<p>El titular de Turismo estatal, Hern\u00e1ndez Rodr\u00edguez, destaca con orgullo que, gracias a la visi\u00f3n y estrategia del gobierno del estado, que encabeza Am\u00e9rico Villarreal Anaya, en menos de un a\u00f1o de administraci\u00f3n, Tamaulipas ha obtenido ser sede de importantes congresos y eventos nacionales, portadores de m\u00faltiples beneficios, como por ejemplo el &#8220;Congreso Mexicano del Petr\u00f3leo en el 2024\u201d, y el \u201cTriatl\u00f3n Nexum AsTri Tamaulipas Ichich Tenek\u201d, en este a\u00f1o.<\/p>\n\n\n\n<p>Dichos eventos no solo impactar\u00e1n positivamente a los proveedores de servicios, sino tambi\u00e9n a las familias tamaulipecas, generando empleos, desarrollo y movimiento econ\u00f3mico, as\u00ed como el fomento de inversiones en la regi\u00f3n.<\/p>\n","protected":false},"excerpt":{"rendered":"<p>Por: Agencias Saltillo, Coahuila.- En el marco del \u201cXXIX Congreso Nacional de la Industria de Reuniones 2023\u201d, en el vecino estado de Coahuila, el gobierno de Tamaulipas, a trav\u00e9s de la Secretar\u00eda de Turismo, ofrece la calidad y capacidad de infraestructura con la que cuenta la entidad y los prestadores de servicios para sumar la &hellip;<\/p>\n","protected":false},"author":1,"featured_media":1094,"comment_status":"open","ping_status":"open","sticky":false,"template":"","format":"standard","meta":{"footnotes":""},"categories":[39],"tags":[],"class_list":["post-1093","post","type-post","status-publish","format-standard","has-post-thumbnail","","category-tamaulipas"],"_links":{"self":[{"href":"https:\/\/www.radiointeractivo.com.mx\/index.php?rest_route=\/wp\/v2\/posts\/1093","targetHints":{"allow":["GET"]}}],"collection":[{"href":"https:\/\/www.radiointeractivo.com.mx\/index.php?rest_route=\/wp\/v2\/posts"}],"about":[{"href":"https:\/\/www.radiointeractivo.com.mx\/index.php?rest_route=\/wp\/v2\/types\/post"}],"author":[{"embeddable":true,"href":"https:\/\/www.radiointeractivo.com.mx\/index.php?rest_route=\/wp\/v2\/users\/1"}],"replies":[{"embeddable":true,"href":"https:\/\/www.radiointeractivo.com.mx\/index.php?rest_route=%2Fwp%2Fv2%2Fcomments&post=1093"}],"version-history":[{"count":1,"href":"https:\/\/www.radiointeractivo.com.mx\/index.php?rest_route=\/wp\/v2\/posts\/1093\/revisions"}],"predecessor-version":[{"id":1095,"href":"https:\/\/www.radiointeractivo.com.mx\/index.php?rest_route=\/wp\/v2\/posts\/1093\/revisions\/1095"}],"wp:featuredmedia":[{"embeddable":true,"href":"https:\/\/www.radiointeractivo.com.mx\/index.php?rest_route=\/wp\/v2\/media\/1094"}],"wp:attachment":[{"href":"https:\/\/www.radiointeractivo.com.mx\/index.php?rest_route=%2Fwp%2Fv2%2Fmedia&parent=1093"}],"wp:term":[{"taxonomy":"category","embeddable":true,"href":"https:\/\/www.radiointeractivo.com.mx\/index.php?rest_route=%2Fwp%2Fv2%2Fcategories&post=1093"},{"taxonomy":"post_tag","embeddable":true,"href":"https:\/\/www.radiointeractivo.com.mx\/index.php?rest_route=%2Fwp%2Fv2%2Ftags&post=1093"}],"curies":[{"name":"wp","href":"https:\/\/api.w.org\/{rel}","templated":true}]}}