{"id":10919,"date":"2024-11-03T19:33:34","date_gmt":"2024-11-04T01:33:34","guid":{"rendered":"https:\/\/www.radiointeractivo.com.mx\/?p=10919"},"modified":"2024-11-03T19:33:35","modified_gmt":"2024-11-04T01:33:35","slug":"respalda-secretaria-de-marina-proyecto-del-puerto-del-norte","status":"publish","type":"post","link":"https:\/\/www.radiointeractivo.com.mx\/?p=10919","title":{"rendered":"Respalda Secretar\u00eda de Marina proyecto del Puerto del Norte"},"content":{"rendered":"\n<figure class=\"wp-block-image size-large\"><img loading=\"lazy\" decoding=\"async\" width=\"1024\" height=\"768\" src=\"https:\/\/www.radiointeractivo.com.mx\/wp-content\/uploads\/2024\/11\/WhatsApp-Image-2024-11-01-at-4.27.36-PM-1024x768.jpeg\" alt=\"\" class=\"wp-image-10920\" srcset=\"https:\/\/www.radiointeractivo.com.mx\/wp-content\/uploads\/2024\/11\/WhatsApp-Image-2024-11-01-at-4.27.36-PM-1024x768.jpeg 1024w, https:\/\/www.radiointeractivo.com.mx\/wp-content\/uploads\/2024\/11\/WhatsApp-Image-2024-11-01-at-4.27.36-PM-300x225.jpeg 300w, https:\/\/www.radiointeractivo.com.mx\/wp-content\/uploads\/2024\/11\/WhatsApp-Image-2024-11-01-at-4.27.36-PM-768x576.jpeg 768w, https:\/\/www.radiointeractivo.com.mx\/wp-content\/uploads\/2024\/11\/WhatsApp-Image-2024-11-01-at-4.27.36-PM-1536x1152.jpeg 1536w, https:\/\/www.radiointeractivo.com.mx\/wp-content\/uploads\/2024\/11\/WhatsApp-Image-2024-11-01-at-4.27.36-PM.jpeg 1600w\" sizes=\"auto, (max-width: 1024px) 100vw, 1024px\" \/><\/figure>\n\n\n\n<p>Por: Agencias<\/p>\n\n\n\n<p>Ciudad de M\u00e9xico.- Con el objetivo de fortalecer el rescate del Puerto del Norte, que realiz\u00f3 el gobernador Am\u00e9rico Villarreal Anaya, el director general de la Administraci\u00f3n Portuaria Integral (API) de Tamaulipas sostuvo una reuni\u00f3n con el secretario de Marina, Raymundo Pedro Morales, quien dar\u00e1 continuidad a los acuerdos previos con la administraci\u00f3n anterior, impulsando el desarrollo portuario de Tamaulipas.<\/p>\n\n\n\n<p>Gustavo Guzm\u00e1n Fern\u00e1ndez,<\/p>\n\n\n\n<p>director general de la Administraci\u00f3n Portuaria Integral de Tamaulipas, expuso ampliamente la visi\u00f3n, proyectos, retos y logros de lo que es el Puerto del Norte, donde se destac\u00f3 que la Secretar\u00eda de Marina apoya y respalda totalmente el proyecto por su posici\u00f3n geogr\u00e1fica privilegiada.<\/p>\n\n\n\n<p>\u201cLa Secretar\u00eda de Marina apoya este proyecto por su posici\u00f3n geogr\u00e1fica preponderante, tanto para el TECMEC, as\u00ed como los polos de desarrollo de la administraci\u00f3n de nuestra presidenta, la doctora Claudia Sheinbaum\u201d, se\u00f1al\u00f3.<\/p>\n\n\n\n<p>Adem\u00e1s, a\u00f1adi\u00f3 que es inminente, el inicio de operaciones en este puerto de altura.<\/p>\n\n\n\n<p>\u201cEl inicio de operaciones es inminente, con la ayuda y apoyo de la Secretar\u00eda de Marina en coordinaci\u00f3n del gobernador Am\u00e9rico Villarreal, trabajamos para que arranque pr\u00f3ximamente\u201d, finaliz\u00f3 Guzm\u00e1n Fern\u00e1ndez.<\/p>\n","protected":false},"excerpt":{"rendered":"<p>Por: Agencias Ciudad de M\u00e9xico.- Con el objetivo de fortalecer el rescate del Puerto del Norte, que realiz\u00f3 el gobernador Am\u00e9rico Villarreal Anaya, el director general de la Administraci\u00f3n Portuaria Integral (API) de Tamaulipas sostuvo una reuni\u00f3n con el secretario de Marina, Raymundo Pedro Morales, quien dar\u00e1 continuidad a los acuerdos previos con la administraci\u00f3n &hellip;<\/p>\n","protected":false},"author":1,"featured_media":10920,"comment_status":"open","ping_status":"open","sticky":false,"template":"","format":"standard","meta":{"footnotes":""},"categories":[39],"tags":[],"class_list":["post-10919","post","type-post","status-publish","format-standard","has-post-thumbnail","","category-tamaulipas"],"_links":{"self":[{"href":"https:\/\/www.radiointeractivo.com.mx\/index.php?rest_route=\/wp\/v2\/posts\/10919","targetHints":{"allow":["GET"]}}],"collection":[{"href":"https:\/\/www.radiointeractivo.com.mx\/index.php?rest_route=\/wp\/v2\/posts"}],"about":[{"href":"https:\/\/www.radiointeractivo.com.mx\/index.php?rest_route=\/wp\/v2\/types\/post"}],"author":[{"embeddable":true,"href":"https:\/\/www.radiointeractivo.com.mx\/index.php?rest_route=\/wp\/v2\/users\/1"}],"replies":[{"embeddable":true,"href":"https:\/\/www.radiointeractivo.com.mx\/index.php?rest_route=%2Fwp%2Fv2%2Fcomments&post=10919"}],"version-history":[{"count":1,"href":"https:\/\/www.radiointeractivo.com.mx\/index.php?rest_route=\/wp\/v2\/posts\/10919\/revisions"}],"predecessor-version":[{"id":10921,"href":"https:\/\/www.radiointeractivo.com.mx\/index.php?rest_route=\/wp\/v2\/posts\/10919\/revisions\/10921"}],"wp:featuredmedia":[{"embeddable":true,"href":"https:\/\/www.radiointeractivo.com.mx\/index.php?rest_route=\/wp\/v2\/media\/10920"}],"wp:attachment":[{"href":"https:\/\/www.radiointeractivo.com.mx\/index.php?rest_route=%2Fwp%2Fv2%2Fmedia&parent=10919"}],"wp:term":[{"taxonomy":"category","embeddable":true,"href":"https:\/\/www.radiointeractivo.com.mx\/index.php?rest_route=%2Fwp%2Fv2%2Fcategories&post=10919"},{"taxonomy":"post_tag","embeddable":true,"href":"https:\/\/www.radiointeractivo.com.mx\/index.php?rest_route=%2Fwp%2Fv2%2Ftags&post=10919"}],"curies":[{"name":"wp","href":"https:\/\/api.w.org\/{rel}","templated":true}]}}