{"id":10896,"date":"2024-11-03T17:03:20","date_gmt":"2024-11-03T23:03:20","guid":{"rendered":"https:\/\/www.radiointeractivo.com.mx\/?p=10896"},"modified":"2024-11-03T17:03:21","modified_gmt":"2024-11-03T23:03:21","slug":"disfrutan-familias-de-festival-de-dia-de-muertos-en-antiguo-panteon-municipal","status":"publish","type":"post","link":"https:\/\/www.radiointeractivo.com.mx\/?p=10896","title":{"rendered":"DISFRUTAN FAMILIAS DE FESTIVAL DE D\u00cdA DE MUERTOS EN ANTIG\u00dcO PANTE\u00d3N MUNICIPAL"},"content":{"rendered":"\n<figure class=\"wp-block-image size-large\"><img loading=\"lazy\" decoding=\"async\" width=\"1024\" height=\"684\" src=\"https:\/\/www.radiointeractivo.com.mx\/wp-content\/uploads\/2024\/11\/WhatsApp-Image-2024-11-02-at-12.37.34-PM-1024x684.jpeg\" alt=\"\" class=\"wp-image-10897\" srcset=\"https:\/\/www.radiointeractivo.com.mx\/wp-content\/uploads\/2024\/11\/WhatsApp-Image-2024-11-02-at-12.37.34-PM-1024x684.jpeg 1024w, https:\/\/www.radiointeractivo.com.mx\/wp-content\/uploads\/2024\/11\/WhatsApp-Image-2024-11-02-at-12.37.34-PM-300x200.jpeg 300w, https:\/\/www.radiointeractivo.com.mx\/wp-content\/uploads\/2024\/11\/WhatsApp-Image-2024-11-02-at-12.37.34-PM-768x513.jpeg 768w, https:\/\/www.radiointeractivo.com.mx\/wp-content\/uploads\/2024\/11\/WhatsApp-Image-2024-11-02-at-12.37.34-PM-1536x1026.jpeg 1536w, https:\/\/www.radiointeractivo.com.mx\/wp-content\/uploads\/2024\/11\/WhatsApp-Image-2024-11-02-at-12.37.34-PM.jpeg 1600w\" sizes=\"auto, (max-width: 1024px) 100vw, 1024px\" \/><\/figure>\n\n\n\n<p>Por: Staff | #NuevoLaredo #Laredo #NLD #Tamaulipas<\/p>\n\n\n\n<p>Con la finalidad de mantener las tradiciones mexicanas, el Gobierno Municipal a trav\u00e9s de la Direcci\u00f3n de Arte y Cultura, llev\u00f3 a cabo un Festival de D\u00eda de Muertos en las instalaciones del Antig\u00fco Pante\u00f3n Municipal.<\/p>\n\n\n\n<p>En medio de tumbas hist\u00f3ricas, los asistentes disfrutaron de actuaciones danc\u00edsticas, teatrales y la participaci\u00f3n especial de Luis \u00c1ngel Jaramillo, actor de doblaje reconocido por su participaci\u00f3n en la pel\u00edcula &#8220;Coco&#8221;.<\/p>\n\n\n\n<p>Ni\u00f1as, ni\u00f1os, j\u00f3venes y adultos llenaron los pasillos del camposanto para disfrutar de una velada cultural en la que recordaron la importancia de mantener vivo el recuerdo de quienes ya no est\u00e1n y adem\u00e1s se deleitaron con la m\u00fasica en vivo del mariachi.<\/p>\n\n\n\n<p>La noche estuvo engalanada con una obra de teatro, bailables folcl\u00f3ricos y m\u00fasica tradicional mexicana, adem\u00e1s que algunas de las presentaciones fueron interactivas por lo que la participaci\u00f3n del p\u00fablico le dio un toque especial.<\/p>\n\n\n\n<p>El evento inici\u00f3 en punto de las 7:00 PM y quienes acudieron a visitar a sus fieles difuntos, pudieron apreciar este festival que enriquece la cultura mexicana.<\/p>\n","protected":false},"excerpt":{"rendered":"<p>Por: Staff | #NuevoLaredo #Laredo #NLD #Tamaulipas Con la finalidad de mantener las tradiciones mexicanas, el Gobierno Municipal a trav\u00e9s de la Direcci\u00f3n de Arte y Cultura, llev\u00f3 a cabo un Festival de D\u00eda de Muertos en las instalaciones del Antig\u00fco Pante\u00f3n Municipal. En medio de tumbas hist\u00f3ricas, los asistentes disfrutaron de actuaciones danc\u00edsticas, teatrales &hellip;<\/p>\n","protected":false},"author":1,"featured_media":10898,"comment_status":"open","ping_status":"open","sticky":false,"template":"","format":"standard","meta":{"footnotes":""},"categories":[38],"tags":[],"class_list":["post-10896","post","type-post","status-publish","format-standard","has-post-thumbnail","","category-nuevo-laredo"],"_links":{"self":[{"href":"https:\/\/www.radiointeractivo.com.mx\/index.php?rest_route=\/wp\/v2\/posts\/10896","targetHints":{"allow":["GET"]}}],"collection":[{"href":"https:\/\/www.radiointeractivo.com.mx\/index.php?rest_route=\/wp\/v2\/posts"}],"about":[{"href":"https:\/\/www.radiointeractivo.com.mx\/index.php?rest_route=\/wp\/v2\/types\/post"}],"author":[{"embeddable":true,"href":"https:\/\/www.radiointeractivo.com.mx\/index.php?rest_route=\/wp\/v2\/users\/1"}],"replies":[{"embeddable":true,"href":"https:\/\/www.radiointeractivo.com.mx\/index.php?rest_route=%2Fwp%2Fv2%2Fcomments&post=10896"}],"version-history":[{"count":1,"href":"https:\/\/www.radiointeractivo.com.mx\/index.php?rest_route=\/wp\/v2\/posts\/10896\/revisions"}],"predecessor-version":[{"id":10899,"href":"https:\/\/www.radiointeractivo.com.mx\/index.php?rest_route=\/wp\/v2\/posts\/10896\/revisions\/10899"}],"wp:featuredmedia":[{"embeddable":true,"href":"https:\/\/www.radiointeractivo.com.mx\/index.php?rest_route=\/wp\/v2\/media\/10898"}],"wp:attachment":[{"href":"https:\/\/www.radiointeractivo.com.mx\/index.php?rest_route=%2Fwp%2Fv2%2Fmedia&parent=10896"}],"wp:term":[{"taxonomy":"category","embeddable":true,"href":"https:\/\/www.radiointeractivo.com.mx\/index.php?rest_route=%2Fwp%2Fv2%2Fcategories&post=10896"},{"taxonomy":"post_tag","embeddable":true,"href":"https:\/\/www.radiointeractivo.com.mx\/index.php?rest_route=%2Fwp%2Fv2%2Ftags&post=10896"}],"curies":[{"name":"wp","href":"https:\/\/api.w.org\/{rel}","templated":true}]}}