{"id":10889,"date":"2024-11-02T15:30:16","date_gmt":"2024-11-02T20:30:16","guid":{"rendered":"https:\/\/www.radiointeractivo.com.mx\/?p=10889"},"modified":"2024-11-02T15:30:17","modified_gmt":"2024-11-02T20:30:17","slug":"confirman-medios-nacionales-ordenes-de-aprehension-contra-ex-funcionarios-del-gobierno-de-francisco-garcia-cabeza-de-vaca","status":"publish","type":"post","link":"https:\/\/www.radiointeractivo.com.mx\/?p=10889","title":{"rendered":"Confirman medios nacionales \u00f3rdenes de aprehensi\u00f3n contra ex funcionarios del gobierno de Francisco Garc\u00eda Cabeza de Vaca."},"content":{"rendered":"\n<figure class=\"wp-block-image size-large\"><img loading=\"lazy\" decoding=\"async\" width=\"1024\" height=\"836\" src=\"https:\/\/www.radiointeractivo.com.mx\/wp-content\/uploads\/2024\/11\/WhatsApp-Image-2024-11-02-at-3.07.46-PM-1024x836.jpeg\" alt=\"\" class=\"wp-image-10890\" srcset=\"https:\/\/www.radiointeractivo.com.mx\/wp-content\/uploads\/2024\/11\/WhatsApp-Image-2024-11-02-at-3.07.46-PM-1024x836.jpeg 1024w, https:\/\/www.radiointeractivo.com.mx\/wp-content\/uploads\/2024\/11\/WhatsApp-Image-2024-11-02-at-3.07.46-PM-300x245.jpeg 300w, https:\/\/www.radiointeractivo.com.mx\/wp-content\/uploads\/2024\/11\/WhatsApp-Image-2024-11-02-at-3.07.46-PM-768x627.jpeg 768w, https:\/\/www.radiointeractivo.com.mx\/wp-content\/uploads\/2024\/11\/WhatsApp-Image-2024-11-02-at-3.07.46-PM.jpeg 1280w\" sizes=\"auto, (max-width: 1024px) 100vw, 1024px\" \/><\/figure>\n\n\n\n<p>-Medios de comunicaci\u00f3n como El Norte p\u00fablico que ex funcionarios Cabecistas, entre ellos Yahleel Abdala de Nuevo Laredo, ex titular de Bienestar Social.<\/p>\n\n\n\n<p>Por: Agencias<\/p>\n\n\n\n<p>Ciudad Victoria, Tamaulipas.- La Administraci\u00f3n del Gobernador de Tamaulipas, el Morenista Am\u00e9rico Villareal, anunci\u00f3 ayer que reactivar\u00e1n las \u00f3rdenes de aprehensi\u00f3n contra dos ex Secretarios de la gesti\u00f3n del panista Francisco Garc\u00eda Cabeza de Vaca.<\/p>\n\n\n\n<p>La Consejera Jur\u00eddica estatal, Tania Contreras, revel\u00f3 que van contra los ex titulares de las Secretar\u00edas de Administraci\u00f3n, Jes\u00fas Alberto Salazar, y del Bienestar, Yahleel Abdala, por un presunto desfalco de 600 millones de pesos.<\/p>\n\n\n\n<p>El anuncio se dio luego de que supuestamente se negaron a comparecer ante un Juez y un d\u00eda despu\u00e9s de que asumi\u00f3 el nuevo Fiscal Anticorrupci\u00f3n del estado, Jes\u00fas Eduardo Govea, cercano al actual Gobernador: Salazar fue vinculado a proceso por uso il\u00edcito de atribuciones y facultades<\/p>\n\n\n\n<p>En tanto. Contreras detall\u00f3 que Abdala encara una demanda por probables desv\u00edos por la compra indebida de despensas.<\/p>\n\n\n\n<p>La funcionaria estatal destac\u00f3 la reactivaci\u00f3n de los procesos tras la salida de los ex titulares de la Fiscal\u00eda Anticorrupci\u00f3n y de la Auditor\u00eda Superior del Estado (ASE), nombrados en el sexenio de Garc\u00eda Cabeza de Vaca.<\/p>\n\n\n\n<p>Francisco Noriega encabeza la ASE y Jes\u00fas Eduardo Govea tom\u00f3 la Fiscal\u00eda Anti-corrupci\u00f3n, ambos afines a Villarreal.<\/p>\n\n\n\n<p>&#8220;Tenemos dos \u00f3rdenes de aprehensi\u00f3n vigentes contra ex funcionarios de la administraci\u00f3n p\u00fablica estatal porque se han negado a comparecer al Juez de la causa&#8221;, apunt\u00f3 Contreras.<\/p>\n\n\n\n<p>&#8220;En este acercamiento que tendremos con la Fiscal\u00eda (Anticorrupci\u00f3n)&#8221;. agreg\u00f3, &#8220;(que) hagan la revisi\u00f3n, se llame a los servidores p\u00fablicos, en los casos en que se niegan a comparecer, se liberen las \u00f3rdenes de aprehensi\u00f3n correspondientes para que vengan a rendir cuentas&#8221;.<\/p>\n\n\n\n<p>Contreras record\u00f3 que han detectado irregularidades por m\u00e1s de 4 mil 500 millones de pesos al Gobierno de Garc\u00eda Cabeza de Vaca, que acab\u00f3 en octubre del 2022.<\/p>\n","protected":false},"excerpt":{"rendered":"<p>-Medios de comunicaci\u00f3n como El Norte p\u00fablico que ex funcionarios Cabecistas, entre ellos Yahleel Abdala de Nuevo Laredo, ex titular de Bienestar Social. Por: Agencias Ciudad Victoria, Tamaulipas.- La Administraci\u00f3n del Gobernador de Tamaulipas, el Morenista Am\u00e9rico Villareal, anunci\u00f3 ayer que reactivar\u00e1n las \u00f3rdenes de aprehensi\u00f3n contra dos ex Secretarios de la gesti\u00f3n del panista &hellip;<\/p>\n","protected":false},"author":1,"featured_media":10891,"comment_status":"open","ping_status":"open","sticky":false,"template":"","format":"standard","meta":{"footnotes":""},"categories":[38,39],"tags":[],"class_list":["post-10889","post","type-post","status-publish","format-standard","has-post-thumbnail","","category-nuevo-laredo","category-tamaulipas"],"_links":{"self":[{"href":"https:\/\/www.radiointeractivo.com.mx\/index.php?rest_route=\/wp\/v2\/posts\/10889","targetHints":{"allow":["GET"]}}],"collection":[{"href":"https:\/\/www.radiointeractivo.com.mx\/index.php?rest_route=\/wp\/v2\/posts"}],"about":[{"href":"https:\/\/www.radiointeractivo.com.mx\/index.php?rest_route=\/wp\/v2\/types\/post"}],"author":[{"embeddable":true,"href":"https:\/\/www.radiointeractivo.com.mx\/index.php?rest_route=\/wp\/v2\/users\/1"}],"replies":[{"embeddable":true,"href":"https:\/\/www.radiointeractivo.com.mx\/index.php?rest_route=%2Fwp%2Fv2%2Fcomments&post=10889"}],"version-history":[{"count":1,"href":"https:\/\/www.radiointeractivo.com.mx\/index.php?rest_route=\/wp\/v2\/posts\/10889\/revisions"}],"predecessor-version":[{"id":10892,"href":"https:\/\/www.radiointeractivo.com.mx\/index.php?rest_route=\/wp\/v2\/posts\/10889\/revisions\/10892"}],"wp:featuredmedia":[{"embeddable":true,"href":"https:\/\/www.radiointeractivo.com.mx\/index.php?rest_route=\/wp\/v2\/media\/10891"}],"wp:attachment":[{"href":"https:\/\/www.radiointeractivo.com.mx\/index.php?rest_route=%2Fwp%2Fv2%2Fmedia&parent=10889"}],"wp:term":[{"taxonomy":"category","embeddable":true,"href":"https:\/\/www.radiointeractivo.com.mx\/index.php?rest_route=%2Fwp%2Fv2%2Fcategories&post=10889"},{"taxonomy":"post_tag","embeddable":true,"href":"https:\/\/www.radiointeractivo.com.mx\/index.php?rest_route=%2Fwp%2Fv2%2Ftags&post=10889"}],"curies":[{"name":"wp","href":"https:\/\/api.w.org\/{rel}","templated":true}]}}