{"id":1081,"date":"2023-09-01T20:42:47","date_gmt":"2023-09-01T20:42:47","guid":{"rendered":"https:\/\/www.radiointeractivo.com.mx\/?p=1081"},"modified":"2023-09-01T20:42:48","modified_gmt":"2023-09-01T20:42:48","slug":"imparten-a-servidores-publicos-del-gobierno-de-tamaulipas-taller-sobre-derechos-humanos","status":"publish","type":"post","link":"https:\/\/www.radiointeractivo.com.mx\/?p=1081","title":{"rendered":"Imparten a servidores p\u00fablicos del Gobierno de Tamaulipas \u201cTaller sobre Derechos Humanos\u201d"},"content":{"rendered":"\n<p>Por: Agencias<\/p>\n\n\n\n<p>Ciudad Victoria, Tamaulipas.- La Direcci\u00f3n de Control y Seguimiento de Recomendaciones de Derechos Humanos de la Secretar\u00eda General de Gobierno, cuyo titular es Jos\u00e9 Ram\u00edrez L\u00f3pez en colaboraci\u00f3n con la Comisi\u00f3n Nacional de Derechos Humanos, llevaron a cabo el \u201cTaller sobre Derechos Humanos\u201d, el cual estuvo dirigido a servidores p\u00fablicos del Gobierno de Tamaulipas.<\/p>\n\n\n\n<p>En el marco de este taller y atendiendo las indicaciones del secretario general de Gobierno, H\u00e9ctor Joel Villegas Gonz\u00e1lez, se dieron a conocer los avances de diversas recomendaciones en materia de derechos humanos, por parte de personal de la Cuarta Visitadur\u00eda General de la CNDH.<\/p>\n\n\n\n<p>En dicho evento se cont\u00f3 con la participaci\u00f3n de servidores p\u00fablicos de diversas Secretar\u00edas del gabinete estatal, quienes estuvieron atentos a la participaci\u00f3n de Arely L\u00f3pez P\u00e9rez, directora general de la Cuarta Visitadur\u00eda; Mar\u00eda Jos\u00e9 L\u00f3pez Lugo, directora general de Supervisi\u00f3n de la Progresividad; Tal\u00eda Berenice Mej\u00eda Hern\u00e1ndez, subdirectora de Pol\u00edticas P\u00fablicas, adscrita a la Direcci\u00f3n General de Supervisi\u00f3n de la Progresividad y Marlene Calder\u00f3n Saucedo, subdirectora de Quejas sobre Asuntos Ind\u00edgenas y Afrodescendientes adscrita a la Cuarta Visitadur\u00eda General.<\/p>\n\n\n\n<p>Para el gobernador Am\u00e9rico Villarreal Anaya, el respeto irrestricto a los Derechos Humanos es uno de los ejes transversales de su gobierno, tal y como se establece en el Plan Estatal de Desarrollo en donde se hace referencia a la importancia de atender las recomendaciones emitidas por los organismos correspondientes en materia de derechos humanos y dar cumplimiento de las leyes, acuerdos y tratados correspondientes.<\/p>\n\n\n\n<p>Correspondi\u00f3 a Jorge Luis Beas G\u00e1mez, subsecretario de Legalidad y Servicios Gubernamentales tener a su cargo la clausura del evento y a la vez, expres\u00f3 su reconocimiento y agradeci\u00f3 la participaci\u00f3n de los asistentes.<\/p>\n","protected":false},"excerpt":{"rendered":"<p>Por: Agencias Ciudad Victoria, Tamaulipas.- La Direcci\u00f3n de Control y Seguimiento de Recomendaciones de Derechos Humanos de la Secretar\u00eda General de Gobierno, cuyo titular es Jos\u00e9 Ram\u00edrez L\u00f3pez en colaboraci\u00f3n con la Comisi\u00f3n Nacional de Derechos Humanos, llevaron a cabo el \u201cTaller sobre Derechos Humanos\u201d, el cual estuvo dirigido a servidores p\u00fablicos del Gobierno de &hellip;<\/p>\n","protected":false},"author":1,"featured_media":1082,"comment_status":"open","ping_status":"open","sticky":false,"template":"","format":"standard","meta":{"footnotes":""},"categories":[39],"tags":[],"class_list":["post-1081","post","type-post","status-publish","format-standard","has-post-thumbnail","","category-tamaulipas"],"_links":{"self":[{"href":"https:\/\/www.radiointeractivo.com.mx\/index.php?rest_route=\/wp\/v2\/posts\/1081","targetHints":{"allow":["GET"]}}],"collection":[{"href":"https:\/\/www.radiointeractivo.com.mx\/index.php?rest_route=\/wp\/v2\/posts"}],"about":[{"href":"https:\/\/www.radiointeractivo.com.mx\/index.php?rest_route=\/wp\/v2\/types\/post"}],"author":[{"embeddable":true,"href":"https:\/\/www.radiointeractivo.com.mx\/index.php?rest_route=\/wp\/v2\/users\/1"}],"replies":[{"embeddable":true,"href":"https:\/\/www.radiointeractivo.com.mx\/index.php?rest_route=%2Fwp%2Fv2%2Fcomments&post=1081"}],"version-history":[{"count":1,"href":"https:\/\/www.radiointeractivo.com.mx\/index.php?rest_route=\/wp\/v2\/posts\/1081\/revisions"}],"predecessor-version":[{"id":1083,"href":"https:\/\/www.radiointeractivo.com.mx\/index.php?rest_route=\/wp\/v2\/posts\/1081\/revisions\/1083"}],"wp:featuredmedia":[{"embeddable":true,"href":"https:\/\/www.radiointeractivo.com.mx\/index.php?rest_route=\/wp\/v2\/media\/1082"}],"wp:attachment":[{"href":"https:\/\/www.radiointeractivo.com.mx\/index.php?rest_route=%2Fwp%2Fv2%2Fmedia&parent=1081"}],"wp:term":[{"taxonomy":"category","embeddable":true,"href":"https:\/\/www.radiointeractivo.com.mx\/index.php?rest_route=%2Fwp%2Fv2%2Fcategories&post=1081"},{"taxonomy":"post_tag","embeddable":true,"href":"https:\/\/www.radiointeractivo.com.mx\/index.php?rest_route=%2Fwp%2Fv2%2Ftags&post=1081"}],"curies":[{"name":"wp","href":"https:\/\/api.w.org\/{rel}","templated":true}]}}