{"id":10799,"date":"2024-10-28T17:09:56","date_gmt":"2024-10-28T22:09:56","guid":{"rendered":"https:\/\/www.radiointeractivo.com.mx\/?p=10799"},"modified":"2024-10-28T17:09:57","modified_gmt":"2024-10-28T22:09:57","slug":"inauguran-alcaldesa-carmen-lilia-canturosas-y-rector-damaso-anaya-primera-preparatoria-uat-en-nuevo-laredo","status":"publish","type":"post","link":"https:\/\/www.radiointeractivo.com.mx\/?p=10799","title":{"rendered":"INAUGURAN ALCALDESA CARMEN LILIA CANTUROSAS Y RECTOR D\u00c1MASO ANAYA PRIMERA PREPARATORIA UAT EN NUEVO LAREDO"},"content":{"rendered":"\n<figure class=\"wp-block-image size-large\"><img loading=\"lazy\" decoding=\"async\" width=\"1024\" height=\"684\" src=\"https:\/\/www.radiointeractivo.com.mx\/wp-content\/uploads\/2024\/10\/WhatsApp-Image-2024-10-28-at-4.09.11-PM-1-1024x684.jpeg\" alt=\"\" class=\"wp-image-10800\" srcset=\"https:\/\/www.radiointeractivo.com.mx\/wp-content\/uploads\/2024\/10\/WhatsApp-Image-2024-10-28-at-4.09.11-PM-1-1024x684.jpeg 1024w, https:\/\/www.radiointeractivo.com.mx\/wp-content\/uploads\/2024\/10\/WhatsApp-Image-2024-10-28-at-4.09.11-PM-1-300x200.jpeg 300w, https:\/\/www.radiointeractivo.com.mx\/wp-content\/uploads\/2024\/10\/WhatsApp-Image-2024-10-28-at-4.09.11-PM-1-768x513.jpeg 768w, https:\/\/www.radiointeractivo.com.mx\/wp-content\/uploads\/2024\/10\/WhatsApp-Image-2024-10-28-at-4.09.11-PM-1-1536x1026.jpeg 1536w, https:\/\/www.radiointeractivo.com.mx\/wp-content\/uploads\/2024\/10\/WhatsApp-Image-2024-10-28-at-4.09.11-PM-1.jpeg 1600w\" sizes=\"auto, (max-width: 1024px) 100vw, 1024px\" \/><\/figure>\n\n\n\n<p>Por: Staff | #NuevoLaredo #Laredo #NLD #Tamaulipas<\/p>\n\n\n\n<p>Marcando un hito en la educaci\u00f3n de la regi\u00f3n,se realiz\u00f3 la ceremonia de entrega en comodato e inauguraci\u00f3n de la Preparatoria UAT Nuevo Laredo, la primera en su tipo en todo Tamaulipas.<\/p>\n\n\n\n<p>El evento estuvo encabezado por el M\u00e9dico Veterinario Zootecnista D\u00e1maso Anaya Alvarado, Rector de la Universidad Aut\u00f3noma de Tamaulipas y la alcaldesa Carmen Lilia Canturosas Villarreal; quienes coincidieron en la importancia de unir esfuerzos para hacer realidad esta instituci\u00f3n que ser\u00e1 fundamental para el futuro de los estudiantes.<\/p>\n\n\n\n<p>\u201cEs un d\u00eda especial, que quedar\u00e1 grabado en la memoria colectiva de nuestra comunidad. Con corazones llenos de j\u00fabilo, celebramos un momento trascendental en la historia de nuestra ciudad. Esta instituci\u00f3n se erige como un faro de esperanza que ilumina el camino hacia un futuro promisorio para nuestra juventud\u201d, se\u00f1al\u00f3 Canturosas Villarreal.<\/p>\n\n\n\n<p>El M\u00e9dico Veterinario Zootecnista D\u00e1maso Anaya Alvarado, Rector de la Universidad Aut\u00f3noma de Tamaulipas, subray\u00f3 la importancia de la sinergia establecida con el Gobierno Municipal, resaltando el papel crucial de la alcaldesa Carmen Lilia Canturosas en la gesti\u00f3n de servicios lo que refuerza el compromiso de ambas instituciones con el desarrollo educativo de la comunidad.<\/p>\n\n\n\n<p>\u201cMi reconocimiento a la presidenta municipal, Carmen Lilia Canturosas por su compromiso con la educaci\u00f3n y por su visi\u00f3n de futuro, gracias a su apoyo y a su honorable cabildo municipal se ha hecho posible el otorgamiento del uso para la operaci\u00f3n de esta moderna y sostenible preparatoria UAT Nuevo Laredo\u201d, indic\u00f3 Anaya Alvarado, Rector de la UAT.<\/p>\n\n\n\n<p>Por su parte, la presidenta municipal agradeci\u00f3 al Gobernador del Estado, Dr. Am\u00e9rico Villarreal Anaya, cuyo liderazgo visionario fue el motor impulsor de este proyecto.<\/p>\n\n\n\n<p>\u201cSu incansable compromiso con la educaci\u00f3n y su dedicaci\u00f3n a mejorar la calidad de vida de las y los Tamaulipecos nos inspiran a seguir construyendo un mejor futuro para las nuevas generaciones de Nuevo Laredo\u201d, resalt\u00f3 la alcaldesa Carmen Lilia.<\/p>\n\n\n\n<p>De igual forma agradeci\u00f3 a la diputada local, Yuridia Iturbe, presidenta de la comisi\u00f3n de educaci\u00f3n, as\u00ed como a los diputados locales de Nuevo Laredo, por impulsar en el Congreso del Estado, la iniciativa que permiti\u00f3 el comodato para que esta se convierta en la quinta preparatoria UAT de la entidad.<\/p>\n\n\n\n<p>Dentro de la ceremonia de inauguraci\u00f3n, el rector entreg\u00f3 el nombramiento a C\u00e9sar Eugenio Hern\u00e1ndez Ancona, como Director de la Escuela Preparatoria UAT Nuevo Laredo, adem\u00e1s entreg\u00f3 mochilas y material deportivo a estudiantes de esta nueva instituci\u00f3n.<\/p>\n\n\n\n<p>Posteriormente, las autoridades se trasladaron a la entrada principal del recinto, para cortar el list\u00f3n y dar por inaugurado este nuevo centro de educaci\u00f3n media superior.<\/p>\n\n\n\n<p>Tambi\u00e9n, se dio inicio a las clases, permitiendo a los j\u00f3venes dar un paso significativo en su formaci\u00f3n acad\u00e9mica.<\/p>\n\n\n\n<p>La Preparatoria UAT Nuevo Laredo tiene capacidad para atender a m\u00e1s de 2 mil 800 j\u00f3venes, se establece como un espacio autosostenible dedicado al aprendizaje y crecimiento, brindando herramientas y conocimientos que preparar\u00e1n a los estudiantes para enfrentar los retos del futuro.<\/p>\n\n\n\n<p>Se espera que esta nueva instituci\u00f3n contribuya al fortalecimiento educativo en Nuevo Laredo y proporcione oportunidades para el desarrollo integral de sus alumnos.<\/p>\n\n\n\n<p>En el pres\u00eddium tambi\u00e9n estuvieron presentes Jos\u00e9 Antonio Tovar Lara, rector de la Universidad Tecnol\u00f3gica de Nuevo Laredo, en representaci\u00f3n del dr. Am\u00e9rico Villarreal Anaya, Gobernador de Tamaulipas; Coronel de Caballer\u00eda, Narciso Valadez N\u00e1jera en representaci\u00f3n del coronel de caballer\u00eda diplomado estado mayor, Miguel \u00c1ngel Ram\u00edrez Canchola, Comandante Interino de la Guarnici\u00f3n Militar de Nuevo Laredo; Yvette Baz\u00e1n M\u00fazquiz, presidenta de la Fundaci\u00f3n de la Asociaci\u00f3n de Transportistas de Carga de Nuevo Laredo y Ramiro Cortez Barrera, alcalde de Miguel Alem\u00e1n.<\/p>\n\n\n\n<p>Adem\u00e1s presenciaron la inauguraci\u00f3n los diputados locales Gabriela Regalado, Ana Laura Huerta y Sergio Ojeda Castillo; la diputada local Yuridia Iturbe V\u00e1zquez, encargada de la Comisi\u00f3n de Educaci\u00f3n; directores de las diferentes Universidades de Tamaulipas; Alumnos; Docentes; Representantes de la Sociedad Civil; Autoridades Municipales y Estatales.<\/p>\n","protected":false},"excerpt":{"rendered":"<p>Por: Staff | #NuevoLaredo #Laredo #NLD #Tamaulipas Marcando un hito en la educaci\u00f3n de la regi\u00f3n,se realiz\u00f3 la ceremonia de entrega en comodato e inauguraci\u00f3n de la Preparatoria UAT Nuevo Laredo, la primera en su tipo en todo Tamaulipas. El evento estuvo encabezado por el M\u00e9dico Veterinario Zootecnista D\u00e1maso Anaya Alvarado, Rector de la Universidad &hellip;<\/p>\n","protected":false},"author":1,"featured_media":10801,"comment_status":"open","ping_status":"open","sticky":false,"template":"","format":"standard","meta":{"footnotes":""},"categories":[38],"tags":[],"class_list":["post-10799","post","type-post","status-publish","format-standard","has-post-thumbnail","","category-nuevo-laredo"],"_links":{"self":[{"href":"https:\/\/www.radiointeractivo.com.mx\/index.php?rest_route=\/wp\/v2\/posts\/10799","targetHints":{"allow":["GET"]}}],"collection":[{"href":"https:\/\/www.radiointeractivo.com.mx\/index.php?rest_route=\/wp\/v2\/posts"}],"about":[{"href":"https:\/\/www.radiointeractivo.com.mx\/index.php?rest_route=\/wp\/v2\/types\/post"}],"author":[{"embeddable":true,"href":"https:\/\/www.radiointeractivo.com.mx\/index.php?rest_route=\/wp\/v2\/users\/1"}],"replies":[{"embeddable":true,"href":"https:\/\/www.radiointeractivo.com.mx\/index.php?rest_route=%2Fwp%2Fv2%2Fcomments&post=10799"}],"version-history":[{"count":1,"href":"https:\/\/www.radiointeractivo.com.mx\/index.php?rest_route=\/wp\/v2\/posts\/10799\/revisions"}],"predecessor-version":[{"id":10802,"href":"https:\/\/www.radiointeractivo.com.mx\/index.php?rest_route=\/wp\/v2\/posts\/10799\/revisions\/10802"}],"wp:featuredmedia":[{"embeddable":true,"href":"https:\/\/www.radiointeractivo.com.mx\/index.php?rest_route=\/wp\/v2\/media\/10801"}],"wp:attachment":[{"href":"https:\/\/www.radiointeractivo.com.mx\/index.php?rest_route=%2Fwp%2Fv2%2Fmedia&parent=10799"}],"wp:term":[{"taxonomy":"category","embeddable":true,"href":"https:\/\/www.radiointeractivo.com.mx\/index.php?rest_route=%2Fwp%2Fv2%2Fcategories&post=10799"},{"taxonomy":"post_tag","embeddable":true,"href":"https:\/\/www.radiointeractivo.com.mx\/index.php?rest_route=%2Fwp%2Fv2%2Ftags&post=10799"}],"curies":[{"name":"wp","href":"https:\/\/api.w.org\/{rel}","templated":true}]}}