{"id":10792,"date":"2024-10-28T13:33:40","date_gmt":"2024-10-28T18:33:40","guid":{"rendered":"https:\/\/www.radiointeractivo.com.mx\/?p=10792"},"modified":"2024-10-28T13:33:41","modified_gmt":"2024-10-28T18:33:41","slug":"cautivan-talentos-locales-con-espectaculo-de-danza-en-festival-internacional-de-la-costa-del-seno-mexicano","status":"publish","type":"post","link":"https:\/\/www.radiointeractivo.com.mx\/?p=10792","title":{"rendered":"CAUTIVAN TALENTOS LOCALES CON ESPECT\u00c1CULO DE DANZA EN FESTIVAL INTERNACIONAL DE LA COSTA DEL SENO MEXICANO"},"content":{"rendered":"\n<figure class=\"wp-block-image size-large\"><img loading=\"lazy\" decoding=\"async\" width=\"1024\" height=\"684\" src=\"https:\/\/www.radiointeractivo.com.mx\/wp-content\/uploads\/2024\/10\/WhatsApp-Image-2024-10-28-at-1.31.08-PM-1024x684.jpeg\" alt=\"\" class=\"wp-image-10793\" srcset=\"https:\/\/www.radiointeractivo.com.mx\/wp-content\/uploads\/2024\/10\/WhatsApp-Image-2024-10-28-at-1.31.08-PM-1024x684.jpeg 1024w, https:\/\/www.radiointeractivo.com.mx\/wp-content\/uploads\/2024\/10\/WhatsApp-Image-2024-10-28-at-1.31.08-PM-300x200.jpeg 300w, https:\/\/www.radiointeractivo.com.mx\/wp-content\/uploads\/2024\/10\/WhatsApp-Image-2024-10-28-at-1.31.08-PM-768x513.jpeg 768w, https:\/\/www.radiointeractivo.com.mx\/wp-content\/uploads\/2024\/10\/WhatsApp-Image-2024-10-28-at-1.31.08-PM-1536x1026.jpeg 1536w, https:\/\/www.radiointeractivo.com.mx\/wp-content\/uploads\/2024\/10\/WhatsApp-Image-2024-10-28-at-1.31.08-PM.jpeg 1600w\" sizes=\"auto, (max-width: 1024px) 100vw, 1024px\" \/><\/figure>\n\n\n\n<p>Por: Staff | #NuevoLaredo #Laredo #NLD #Tamaulipas<\/p>\n\n\n\n<p>Los escenarios de la Explanada de la Independencia y el Teatro del Centro Cultural, se llenaron de folclor, m\u00fasica y colores con la presentaci\u00f3n de talentosos artistas locales, quienes cautivaron a los presentes con un espect\u00e1culo de danza folcl\u00f3rica y danza contempor\u00e1nea.<\/p>\n\n\n\n<p>En el escenario del centro hist\u00f3rico, se llev\u00f3 a cabo la presentaci\u00f3n del Grupo de Danza Coatlicue y el Grupo de Danza Aidin, quienes realizaron una demostraci\u00f3n de bailables t\u00edpicos mexicanos,<\/p>\n\n\n\n<p>Mientras que en el Teatro Principal del Centro Cultural, el Centro de Desarrollo Art\u00edstico y la Compa\u00f1\u00eda de Danza de Nuevo Laredo, presentaron \u201cUnidos por la Danza\u201d, un ensamble que combina el baile y la interpretaci\u00f3n teatral.<\/p>\n","protected":false},"excerpt":{"rendered":"<p>Por: Staff | #NuevoLaredo #Laredo #NLD #Tamaulipas Los escenarios de la Explanada de la Independencia y el Teatro del Centro Cultural, se llenaron de folclor, m\u00fasica y colores con la presentaci\u00f3n de talentosos artistas locales, quienes cautivaron a los presentes con un espect\u00e1culo de danza folcl\u00f3rica y danza contempor\u00e1nea. En el escenario del centro hist\u00f3rico, &hellip;<\/p>\n","protected":false},"author":1,"featured_media":10793,"comment_status":"open","ping_status":"open","sticky":false,"template":"","format":"standard","meta":{"footnotes":""},"categories":[38],"tags":[],"class_list":["post-10792","post","type-post","status-publish","format-standard","has-post-thumbnail","","category-nuevo-laredo"],"_links":{"self":[{"href":"https:\/\/www.radiointeractivo.com.mx\/index.php?rest_route=\/wp\/v2\/posts\/10792","targetHints":{"allow":["GET"]}}],"collection":[{"href":"https:\/\/www.radiointeractivo.com.mx\/index.php?rest_route=\/wp\/v2\/posts"}],"about":[{"href":"https:\/\/www.radiointeractivo.com.mx\/index.php?rest_route=\/wp\/v2\/types\/post"}],"author":[{"embeddable":true,"href":"https:\/\/www.radiointeractivo.com.mx\/index.php?rest_route=\/wp\/v2\/users\/1"}],"replies":[{"embeddable":true,"href":"https:\/\/www.radiointeractivo.com.mx\/index.php?rest_route=%2Fwp%2Fv2%2Fcomments&post=10792"}],"version-history":[{"count":1,"href":"https:\/\/www.radiointeractivo.com.mx\/index.php?rest_route=\/wp\/v2\/posts\/10792\/revisions"}],"predecessor-version":[{"id":10794,"href":"https:\/\/www.radiointeractivo.com.mx\/index.php?rest_route=\/wp\/v2\/posts\/10792\/revisions\/10794"}],"wp:featuredmedia":[{"embeddable":true,"href":"https:\/\/www.radiointeractivo.com.mx\/index.php?rest_route=\/wp\/v2\/media\/10793"}],"wp:attachment":[{"href":"https:\/\/www.radiointeractivo.com.mx\/index.php?rest_route=%2Fwp%2Fv2%2Fmedia&parent=10792"}],"wp:term":[{"taxonomy":"category","embeddable":true,"href":"https:\/\/www.radiointeractivo.com.mx\/index.php?rest_route=%2Fwp%2Fv2%2Fcategories&post=10792"},{"taxonomy":"post_tag","embeddable":true,"href":"https:\/\/www.radiointeractivo.com.mx\/index.php?rest_route=%2Fwp%2Fv2%2Ftags&post=10792"}],"curies":[{"name":"wp","href":"https:\/\/api.w.org\/{rel}","templated":true}]}}