{"id":1078,"date":"2023-09-01T20:42:05","date_gmt":"2023-09-01T20:42:05","guid":{"rendered":"https:\/\/www.radiointeractivo.com.mx\/?p=1078"},"modified":"2023-09-01T20:42:06","modified_gmt":"2023-09-01T20:42:06","slug":"arranca-en-cedes-victoria-programa-mujeres-sin-limite","status":"publish","type":"post","link":"https:\/\/www.radiointeractivo.com.mx\/?p=1078","title":{"rendered":"Arranca en CEDES Victoria Programa \u201cMujeres sin L\u00edmite\u201d"},"content":{"rendered":"\n<p>Por: Agencias<\/p>\n\n\n\n<p>Ciudad Victoria, Tamaulipas.- En coordinaci\u00f3n con el Secretariado Ejecutivo del Sistema Estatal de Seguridad P\u00fablica y el Instituto de las Mujeres en Tamaulipas se llev\u00f3 a cabo en el Centro de Ejecuci\u00f3n de Sanciones (CEDES) de Ciudad Victoria, la inauguraci\u00f3n del Programa \u201cMujeres sin L\u00edmite\u201d<\/p>\n\n\n\n<p>A trav\u00e9s de cursos integrales, este programa busca potenciar habilidades t\u00e9cnicas en las personas privadas de la libertad (PPLs) del m\u00f3dulo femenil, as\u00ed como fortalecer su capacidad de autocontrol, inteligencia emocional y resiliencia; proporcionar las herramientas las necesarias a aquellas que deseen concluir su formaci\u00f3n acad\u00e9mica, capacitarlas y fortalecer los conocimientos de alg\u00fan oficio o conocimientos t\u00e9cnicos que puedan desarrollar durante su estancia.<\/p>\n\n\n\n<p>\u201cSer portavoz de programas enfocados a mujeres privadas de la libertad es una responsabilidad que asumo con el compromiso de respetar su vulnerabilidad, pero reconociendo la fuerza e impacto social que se representan\u201d, manifest\u00f3 el director del CEDES Victoria, Dalmacio Becerril Tapia.<\/p>\n\n\n\n<p>Por su parte, la directora general del Instituto de las Mujeres en Tamaulipas, Dianaluz Guti\u00e9rrez Gonz\u00e1lez, agradeci\u00f3 a las instituciones estatales y federales involucradas en este programa para atender a las PPLs del m\u00f3dulo femenil, en la primera edici\u00f3n de este programa que pretende extenderse a otros CEDES de Tamaulipas que cuenten con poblaci\u00f3n de f\u00e9minas.<\/p>\n\n\n\n<p>\u201cQuiero que cuando salgan, salgan convertidas en mejores mujeres de lo que ya son y que tengan oportunidades de un trabajo honesto y digno, que puedan tomar las riendas de su vida\u201d, dijo.<\/p>\n\n\n\n<p>Estuvieron presentes en esta inauguraci\u00f3n Apolinar Molina D\u00edaz, secretario t\u00e9cnico del Secretariado Ejecutivo del Sistema Estatal de Seguridad P\u00fablica, representante de Jorge Cu\u00e9llar Montoya, titular de esta dependencia; el director de Reinserci\u00f3n Social y Servicios Post Penales, Jorge Alberto Sauceda Velasco; la encargada del despacho de la Subdirecci\u00f3n T\u00e9cnica, Elisa Genoveva Cruz Garza y el encargado de despacho de la Subdirecci\u00f3n Jur\u00eddica, Ignacio Torres S\u00e1nchez.<\/p>\n","protected":false},"excerpt":{"rendered":"<p>Por: Agencias Ciudad Victoria, Tamaulipas.- En coordinaci\u00f3n con el Secretariado Ejecutivo del Sistema Estatal de Seguridad P\u00fablica y el Instituto de las Mujeres en Tamaulipas se llev\u00f3 a cabo en el Centro de Ejecuci\u00f3n de Sanciones (CEDES) de Ciudad Victoria, la inauguraci\u00f3n del Programa \u201cMujeres sin L\u00edmite\u201d A trav\u00e9s de cursos integrales, este programa busca &hellip;<\/p>\n","protected":false},"author":1,"featured_media":1079,"comment_status":"open","ping_status":"open","sticky":false,"template":"","format":"standard","meta":{"footnotes":""},"categories":[39],"tags":[],"class_list":["post-1078","post","type-post","status-publish","format-standard","has-post-thumbnail","","category-tamaulipas"],"_links":{"self":[{"href":"https:\/\/www.radiointeractivo.com.mx\/index.php?rest_route=\/wp\/v2\/posts\/1078","targetHints":{"allow":["GET"]}}],"collection":[{"href":"https:\/\/www.radiointeractivo.com.mx\/index.php?rest_route=\/wp\/v2\/posts"}],"about":[{"href":"https:\/\/www.radiointeractivo.com.mx\/index.php?rest_route=\/wp\/v2\/types\/post"}],"author":[{"embeddable":true,"href":"https:\/\/www.radiointeractivo.com.mx\/index.php?rest_route=\/wp\/v2\/users\/1"}],"replies":[{"embeddable":true,"href":"https:\/\/www.radiointeractivo.com.mx\/index.php?rest_route=%2Fwp%2Fv2%2Fcomments&post=1078"}],"version-history":[{"count":1,"href":"https:\/\/www.radiointeractivo.com.mx\/index.php?rest_route=\/wp\/v2\/posts\/1078\/revisions"}],"predecessor-version":[{"id":1080,"href":"https:\/\/www.radiointeractivo.com.mx\/index.php?rest_route=\/wp\/v2\/posts\/1078\/revisions\/1080"}],"wp:featuredmedia":[{"embeddable":true,"href":"https:\/\/www.radiointeractivo.com.mx\/index.php?rest_route=\/wp\/v2\/media\/1079"}],"wp:attachment":[{"href":"https:\/\/www.radiointeractivo.com.mx\/index.php?rest_route=%2Fwp%2Fv2%2Fmedia&parent=1078"}],"wp:term":[{"taxonomy":"category","embeddable":true,"href":"https:\/\/www.radiointeractivo.com.mx\/index.php?rest_route=%2Fwp%2Fv2%2Fcategories&post=1078"},{"taxonomy":"post_tag","embeddable":true,"href":"https:\/\/www.radiointeractivo.com.mx\/index.php?rest_route=%2Fwp%2Fv2%2Ftags&post=1078"}],"curies":[{"name":"wp","href":"https:\/\/api.w.org\/{rel}","templated":true}]}}