{"id":10776,"date":"2024-10-27T22:19:00","date_gmt":"2024-10-28T03:19:00","guid":{"rendered":"https:\/\/www.radiointeractivo.com.mx\/?p=10776"},"modified":"2024-10-27T22:19:01","modified_gmt":"2024-10-28T03:19:01","slug":"gobierno-municipal-impulsa-a-jovenes-emprendedores-con-bazar-edicion-halloween","status":"publish","type":"post","link":"https:\/\/www.radiointeractivo.com.mx\/?p=10776","title":{"rendered":"GOBIERNO MUNICIPAL IMPULSA A J\u00d3VENES EMPRENDEDORES CON BAZAR EDICI\u00d3N HALLOWEEN"},"content":{"rendered":"\n<figure class=\"wp-block-image size-large\"><img loading=\"lazy\" decoding=\"async\" width=\"1024\" height=\"684\" src=\"https:\/\/www.radiointeractivo.com.mx\/wp-content\/uploads\/2024\/10\/WhatsApp-Image-2024-10-27-at-2.09.51-PM-1024x684.jpeg\" alt=\"\" class=\"wp-image-10777\" srcset=\"https:\/\/www.radiointeractivo.com.mx\/wp-content\/uploads\/2024\/10\/WhatsApp-Image-2024-10-27-at-2.09.51-PM-1024x684.jpeg 1024w, https:\/\/www.radiointeractivo.com.mx\/wp-content\/uploads\/2024\/10\/WhatsApp-Image-2024-10-27-at-2.09.51-PM-300x200.jpeg 300w, https:\/\/www.radiointeractivo.com.mx\/wp-content\/uploads\/2024\/10\/WhatsApp-Image-2024-10-27-at-2.09.51-PM-768x513.jpeg 768w, https:\/\/www.radiointeractivo.com.mx\/wp-content\/uploads\/2024\/10\/WhatsApp-Image-2024-10-27-at-2.09.51-PM-1536x1026.jpeg 1536w, https:\/\/www.radiointeractivo.com.mx\/wp-content\/uploads\/2024\/10\/WhatsApp-Image-2024-10-27-at-2.09.51-PM.jpeg 1600w\" sizes=\"auto, (max-width: 1024px) 100vw, 1024px\" \/><\/figure>\n\n\n\n<p>Por: Staff | #NuevoLaredo #Laredo #NLD #Tamaulipas<\/p>\n\n\n\n<p>El Parque Viveros se convirti\u00f3 en el punto de encuentro para la creatividad y el emprendimiento juvenil al celebrarse el bazar joven edici\u00f3n \u201cHalloween\u201d.<\/p>\n\n\n\n<p>Fue organizado por el Instituto Municipal para el Desarrollo de la Juventud (IMJUVE), y forma parte del compromiso de la alcaldesa Carmen Lilia Canturosas para impulsar a la juventud de Nuevo Laredo.<\/p>\n\n\n\n<p>Este evento, que reuni\u00f3 a una variedad de j\u00f3venes emprendedores de la ciudad, tuvo como objetivo principal brindar apoyo y visibilidad a sus iniciativas, promoviendo el desarrollo econ\u00f3mico local.<\/p>\n\n\n\n<p>\u201cEste programa para mi es algo muy bueno, porque no tuvo un costo y pude participar, me sirve para emprender, el lugar es familiar, estoy muy agradecida que nos sigan apoyando con estos programas para los j\u00f3venes y para impulsar la econom\u00eda\u201d, dijo Karla Hurtado C\u00e1rdenas, joven emprendedora<\/p>\n\n\n\n<p>Los j\u00f3venes destacaron la importancia de crear oportunidades donde puedan crecer y prosperar, ofreciendo espacios que les permitan exhibir y vender sus productos en el que pueden mostrar sus habilidades y creatividad.<\/p>\n\n\n\n<p>\u201cMe encanta el proyecto que hace el gobierno municipal para que nosotros los j\u00f3venes emprendedores podamos salir adelante y ense\u00f1ar nuestro emprendimiento a m\u00e1s personas, un agradecimiento a nuestra presidenta Carmen Lilia Canturosas, desde que lleg\u00f3 ha habido bastantes cambios en la ciudad\u201d, opin\u00f3 Johana Pacheco Barbosa, tatuadora.<\/p>\n\n\n\n<p>Juan Manuel Segundo, un joven emprendedor que se dedica a la creaci\u00f3n de stickers para veh\u00edculos, expres\u00f3 su agradecimiento al Gobierno Municipal por la oportunidad de dar a conocer su negocio.<\/p>\n\n\n\n<p>\u201cEs muy buen lugar en el que estamos ahorita, hay mucha gente, est\u00e1 muy bien este programa, muchas gracias por esta oportunidad si es muy importante darnos a conocer y generar m\u00e1s clientes\u201d, mencion\u00f3 el joven Juan Manuel.<\/p>\n\n\n\n<p>Durante el evento, los asistentes pudieron disfrutar de una amplia gama de productos, desde artesan\u00edas y moda hasta alimentos y arte, elaborados por j\u00f3venes emprendedores.<\/p>\n","protected":false},"excerpt":{"rendered":"<p>Por: Staff | #NuevoLaredo #Laredo #NLD #Tamaulipas El Parque Viveros se convirti\u00f3 en el punto de encuentro para la creatividad y el emprendimiento juvenil al celebrarse el bazar joven edici\u00f3n \u201cHalloween\u201d. Fue organizado por el Instituto Municipal para el Desarrollo de la Juventud (IMJUVE), y forma parte del compromiso de la alcaldesa Carmen Lilia Canturosas &hellip;<\/p>\n","protected":false},"author":1,"featured_media":10777,"comment_status":"open","ping_status":"open","sticky":false,"template":"","format":"standard","meta":{"footnotes":""},"categories":[38],"tags":[],"class_list":["post-10776","post","type-post","status-publish","format-standard","has-post-thumbnail","","category-nuevo-laredo"],"_links":{"self":[{"href":"https:\/\/www.radiointeractivo.com.mx\/index.php?rest_route=\/wp\/v2\/posts\/10776","targetHints":{"allow":["GET"]}}],"collection":[{"href":"https:\/\/www.radiointeractivo.com.mx\/index.php?rest_route=\/wp\/v2\/posts"}],"about":[{"href":"https:\/\/www.radiointeractivo.com.mx\/index.php?rest_route=\/wp\/v2\/types\/post"}],"author":[{"embeddable":true,"href":"https:\/\/www.radiointeractivo.com.mx\/index.php?rest_route=\/wp\/v2\/users\/1"}],"replies":[{"embeddable":true,"href":"https:\/\/www.radiointeractivo.com.mx\/index.php?rest_route=%2Fwp%2Fv2%2Fcomments&post=10776"}],"version-history":[{"count":1,"href":"https:\/\/www.radiointeractivo.com.mx\/index.php?rest_route=\/wp\/v2\/posts\/10776\/revisions"}],"predecessor-version":[{"id":10778,"href":"https:\/\/www.radiointeractivo.com.mx\/index.php?rest_route=\/wp\/v2\/posts\/10776\/revisions\/10778"}],"wp:featuredmedia":[{"embeddable":true,"href":"https:\/\/www.radiointeractivo.com.mx\/index.php?rest_route=\/wp\/v2\/media\/10777"}],"wp:attachment":[{"href":"https:\/\/www.radiointeractivo.com.mx\/index.php?rest_route=%2Fwp%2Fv2%2Fmedia&parent=10776"}],"wp:term":[{"taxonomy":"category","embeddable":true,"href":"https:\/\/www.radiointeractivo.com.mx\/index.php?rest_route=%2Fwp%2Fv2%2Fcategories&post=10776"},{"taxonomy":"post_tag","embeddable":true,"href":"https:\/\/www.radiointeractivo.com.mx\/index.php?rest_route=%2Fwp%2Fv2%2Ftags&post=10776"}],"curies":[{"name":"wp","href":"https:\/\/api.w.org\/{rel}","templated":true}]}}