{"id":10729,"date":"2024-10-24T17:03:54","date_gmt":"2024-10-24T22:03:54","guid":{"rendered":"https:\/\/www.radiointeractivo.com.mx\/?p=10729"},"modified":"2024-10-24T17:03:56","modified_gmt":"2024-10-24T22:03:56","slug":"cierran-tramo-de-la-ave-tecnologico-por-obra-de-repavimentacion","status":"publish","type":"post","link":"https:\/\/www.radiointeractivo.com.mx\/?p=10729","title":{"rendered":"CIERRAN TRAMO DE LA AVE. TECNOL\u00d3GICO POR OBRA DE REPAVIMENTACI\u00d3N"},"content":{"rendered":"\n<figure class=\"wp-block-image size-full\"><img loading=\"lazy\" decoding=\"async\" width=\"960\" height=\"960\" src=\"https:\/\/www.radiointeractivo.com.mx\/wp-content\/uploads\/2024\/10\/WhatsApp-Image-2024-10-24-at-1.36.36-PM.jpeg\" alt=\"\" class=\"wp-image-10730\" srcset=\"https:\/\/www.radiointeractivo.com.mx\/wp-content\/uploads\/2024\/10\/WhatsApp-Image-2024-10-24-at-1.36.36-PM.jpeg 960w, https:\/\/www.radiointeractivo.com.mx\/wp-content\/uploads\/2024\/10\/WhatsApp-Image-2024-10-24-at-1.36.36-PM-300x300.jpeg 300w, https:\/\/www.radiointeractivo.com.mx\/wp-content\/uploads\/2024\/10\/WhatsApp-Image-2024-10-24-at-1.36.36-PM-150x150.jpeg 150w, https:\/\/www.radiointeractivo.com.mx\/wp-content\/uploads\/2024\/10\/WhatsApp-Image-2024-10-24-at-1.36.36-PM-768x768.jpeg 768w\" sizes=\"auto, (max-width: 960px) 100vw, 960px\" \/><\/figure>\n\n\n\n<p>Por: Staff | #NuevoLaredo #Laredo #NLD #Tamaulipas<\/p>\n\n\n\n<p>Debido a trabajos de repavimentaci\u00f3n, a partir de este jueves 24 de octubre se cerrar\u00e1 a la circulaci\u00f3n la avenida Tecnol\u00f3gico, entre Mat\u00edas Romero y R\u00edo Bravo en la colonia Infonavit.<\/p>\n\n\n\n<p>La Secretar\u00eda de Obras P\u00fablicas pide a la ciudadan\u00eda utilizar v\u00edas alternas al circular por el sector, adem\u00e1s de su comprensi\u00f3n durante el desarrollo de estos trabajos, teniendo en consideraci\u00f3n que ser\u00e1 en beneficio de los vecinos y la ciudadan\u00eda en general.<\/p>\n","protected":false},"excerpt":{"rendered":"<p>Por: Staff | #NuevoLaredo #Laredo #NLD #Tamaulipas Debido a trabajos de repavimentaci\u00f3n, a partir de este jueves 24 de octubre se cerrar\u00e1 a la circulaci\u00f3n la avenida Tecnol\u00f3gico, entre Mat\u00edas Romero y R\u00edo Bravo en la colonia Infonavit. La Secretar\u00eda de Obras P\u00fablicas pide a la ciudadan\u00eda utilizar v\u00edas alternas al circular por el sector, &hellip;<\/p>\n","protected":false},"author":1,"featured_media":10730,"comment_status":"open","ping_status":"open","sticky":false,"template":"","format":"standard","meta":{"footnotes":""},"categories":[38],"tags":[],"class_list":["post-10729","post","type-post","status-publish","format-standard","has-post-thumbnail","","category-nuevo-laredo"],"_links":{"self":[{"href":"https:\/\/www.radiointeractivo.com.mx\/index.php?rest_route=\/wp\/v2\/posts\/10729","targetHints":{"allow":["GET"]}}],"collection":[{"href":"https:\/\/www.radiointeractivo.com.mx\/index.php?rest_route=\/wp\/v2\/posts"}],"about":[{"href":"https:\/\/www.radiointeractivo.com.mx\/index.php?rest_route=\/wp\/v2\/types\/post"}],"author":[{"embeddable":true,"href":"https:\/\/www.radiointeractivo.com.mx\/index.php?rest_route=\/wp\/v2\/users\/1"}],"replies":[{"embeddable":true,"href":"https:\/\/www.radiointeractivo.com.mx\/index.php?rest_route=%2Fwp%2Fv2%2Fcomments&post=10729"}],"version-history":[{"count":1,"href":"https:\/\/www.radiointeractivo.com.mx\/index.php?rest_route=\/wp\/v2\/posts\/10729\/revisions"}],"predecessor-version":[{"id":10731,"href":"https:\/\/www.radiointeractivo.com.mx\/index.php?rest_route=\/wp\/v2\/posts\/10729\/revisions\/10731"}],"wp:featuredmedia":[{"embeddable":true,"href":"https:\/\/www.radiointeractivo.com.mx\/index.php?rest_route=\/wp\/v2\/media\/10730"}],"wp:attachment":[{"href":"https:\/\/www.radiointeractivo.com.mx\/index.php?rest_route=%2Fwp%2Fv2%2Fmedia&parent=10729"}],"wp:term":[{"taxonomy":"category","embeddable":true,"href":"https:\/\/www.radiointeractivo.com.mx\/index.php?rest_route=%2Fwp%2Fv2%2Fcategories&post=10729"},{"taxonomy":"post_tag","embeddable":true,"href":"https:\/\/www.radiointeractivo.com.mx\/index.php?rest_route=%2Fwp%2Fv2%2Ftags&post=10729"}],"curies":[{"name":"wp","href":"https:\/\/api.w.org\/{rel}","templated":true}]}}