{"id":10703,"date":"2024-10-23T15:20:57","date_gmt":"2024-10-23T20:20:57","guid":{"rendered":"https:\/\/www.radiointeractivo.com.mx\/?p=10703"},"modified":"2024-10-23T15:20:58","modified_gmt":"2024-10-23T20:20:58","slug":"cerraran-tramo-del-segundo-anillo-periferico-por-trabajos-de-recarpeteo-acceso-a-puente-3-sera-por-mex-2","status":"publish","type":"post","link":"https:\/\/www.radiointeractivo.com.mx\/?p=10703","title":{"rendered":"CERRAR\u00c1N TRAMO DEL SEGUNDO ANILLO PERIF\u00c9RICO POR TRABAJOS DE RECARPETEO; ACCESO A PUENTE 3 SER\u00c1 POR MEX 2"},"content":{"rendered":"\n<figure class=\"wp-block-image size-full\"><img loading=\"lazy\" decoding=\"async\" width=\"960\" height=\"960\" src=\"https:\/\/www.radiointeractivo.com.mx\/wp-content\/uploads\/2024\/10\/WhatsApp-Image-2024-10-23-at-11.16.29-AM.jpeg\" alt=\"\" class=\"wp-image-10704\" srcset=\"https:\/\/www.radiointeractivo.com.mx\/wp-content\/uploads\/2024\/10\/WhatsApp-Image-2024-10-23-at-11.16.29-AM.jpeg 960w, https:\/\/www.radiointeractivo.com.mx\/wp-content\/uploads\/2024\/10\/WhatsApp-Image-2024-10-23-at-11.16.29-AM-300x300.jpeg 300w, https:\/\/www.radiointeractivo.com.mx\/wp-content\/uploads\/2024\/10\/WhatsApp-Image-2024-10-23-at-11.16.29-AM-150x150.jpeg 150w, https:\/\/www.radiointeractivo.com.mx\/wp-content\/uploads\/2024\/10\/WhatsApp-Image-2024-10-23-at-11.16.29-AM-768x768.jpeg 768w\" sizes=\"auto, (max-width: 960px) 100vw, 960px\" \/><\/figure>\n\n\n\n<p>Por: Staff | #NuevoLaredo #Laredo #NLD #Tamaulipas<\/p>\n\n\n\n<p>Debido a trabajos de recarpeteo, a partir del lunes 21 de octubre, cerrar\u00e1n la vialidad en un tramo del segundo Anillo Perif\u00e9rico, entre Bulevar Rea y Carretera a Piedras Negras.<\/p>\n\n\n\n<p>La Secretar\u00eda de Obras P\u00fablicas y Desarrollo Urbano, recomienda a la ciudadan\u00eda utilizar las siguientes v\u00edas alternas: para el tr\u00e1fico de importaci\u00f3n, el libramiento Mex II por carretera a An\u00e1huac a Segundo Anillo Perif\u00e9rico; mientras que para la exportaci\u00f3n, Radial III a Libramiento II.<\/p>\n\n\n\n<p>Oficiales de la Direcci\u00f3n de Tr\u00e1nsito y Vialidad, estar\u00e1n vigilando estas vialidades e informando a los automovilistas de los cambios, por lo que se recomienda estar atentos al circular por el sector.<\/p>\n\n\n\n<p>Al mismo tiempo se pide la comprensi\u00f3n de la ciudadan\u00eda por la realizaci\u00f3n de estos trabajos, que una vez concluidos, ser\u00e1n de beneficio general.<\/p>\n","protected":false},"excerpt":{"rendered":"<p>Por: Staff | #NuevoLaredo #Laredo #NLD #Tamaulipas Debido a trabajos de recarpeteo, a partir del lunes 21 de octubre, cerrar\u00e1n la vialidad en un tramo del segundo Anillo Perif\u00e9rico, entre Bulevar Rea y Carretera a Piedras Negras. La Secretar\u00eda de Obras P\u00fablicas y Desarrollo Urbano, recomienda a la ciudadan\u00eda utilizar las siguientes v\u00edas alternas: para &hellip;<\/p>\n","protected":false},"author":1,"featured_media":10704,"comment_status":"open","ping_status":"open","sticky":false,"template":"","format":"standard","meta":{"footnotes":""},"categories":[38],"tags":[],"class_list":["post-10703","post","type-post","status-publish","format-standard","has-post-thumbnail","","category-nuevo-laredo"],"_links":{"self":[{"href":"https:\/\/www.radiointeractivo.com.mx\/index.php?rest_route=\/wp\/v2\/posts\/10703","targetHints":{"allow":["GET"]}}],"collection":[{"href":"https:\/\/www.radiointeractivo.com.mx\/index.php?rest_route=\/wp\/v2\/posts"}],"about":[{"href":"https:\/\/www.radiointeractivo.com.mx\/index.php?rest_route=\/wp\/v2\/types\/post"}],"author":[{"embeddable":true,"href":"https:\/\/www.radiointeractivo.com.mx\/index.php?rest_route=\/wp\/v2\/users\/1"}],"replies":[{"embeddable":true,"href":"https:\/\/www.radiointeractivo.com.mx\/index.php?rest_route=%2Fwp%2Fv2%2Fcomments&post=10703"}],"version-history":[{"count":1,"href":"https:\/\/www.radiointeractivo.com.mx\/index.php?rest_route=\/wp\/v2\/posts\/10703\/revisions"}],"predecessor-version":[{"id":10705,"href":"https:\/\/www.radiointeractivo.com.mx\/index.php?rest_route=\/wp\/v2\/posts\/10703\/revisions\/10705"}],"wp:featuredmedia":[{"embeddable":true,"href":"https:\/\/www.radiointeractivo.com.mx\/index.php?rest_route=\/wp\/v2\/media\/10704"}],"wp:attachment":[{"href":"https:\/\/www.radiointeractivo.com.mx\/index.php?rest_route=%2Fwp%2Fv2%2Fmedia&parent=10703"}],"wp:term":[{"taxonomy":"category","embeddable":true,"href":"https:\/\/www.radiointeractivo.com.mx\/index.php?rest_route=%2Fwp%2Fv2%2Fcategories&post=10703"},{"taxonomy":"post_tag","embeddable":true,"href":"https:\/\/www.radiointeractivo.com.mx\/index.php?rest_route=%2Fwp%2Fv2%2Ftags&post=10703"}],"curies":[{"name":"wp","href":"https:\/\/api.w.org\/{rel}","templated":true}]}}