{"id":10629,"date":"2024-10-16T17:17:47","date_gmt":"2024-10-16T22:17:47","guid":{"rendered":"https:\/\/www.radiointeractivo.com.mx\/?p=10629"},"modified":"2024-10-16T17:17:48","modified_gmt":"2024-10-16T22:17:48","slug":"se-suma-sistema-dif-a-campana-nacional-de-vacunacion-contra-la-influenza-y-covid-19","status":"publish","type":"post","link":"https:\/\/www.radiointeractivo.com.mx\/?p=10629","title":{"rendered":"SE SUMA SISTEMA DIF A CAMPA\u00d1A NACIONAL DE VACUNACI\u00d3N CONTRA LA INFLUENZA Y COVID-19"},"content":{"rendered":"\n<figure class=\"wp-block-image size-large\"><img loading=\"lazy\" decoding=\"async\" width=\"1024\" height=\"707\" src=\"https:\/\/www.radiointeractivo.com.mx\/wp-content\/uploads\/2024\/10\/WhatsApp-Image-2024-10-16-at-3.41.27-PM-1024x707.jpeg\" alt=\"\" class=\"wp-image-10630\" srcset=\"https:\/\/www.radiointeractivo.com.mx\/wp-content\/uploads\/2024\/10\/WhatsApp-Image-2024-10-16-at-3.41.27-PM-1024x707.jpeg 1024w, https:\/\/www.radiointeractivo.com.mx\/wp-content\/uploads\/2024\/10\/WhatsApp-Image-2024-10-16-at-3.41.27-PM-300x207.jpeg 300w, https:\/\/www.radiointeractivo.com.mx\/wp-content\/uploads\/2024\/10\/WhatsApp-Image-2024-10-16-at-3.41.27-PM-768x530.jpeg 768w, https:\/\/www.radiointeractivo.com.mx\/wp-content\/uploads\/2024\/10\/WhatsApp-Image-2024-10-16-at-3.41.27-PM-110x75.jpeg 110w, https:\/\/www.radiointeractivo.com.mx\/wp-content\/uploads\/2024\/10\/WhatsApp-Image-2024-10-16-at-3.41.27-PM.jpeg 1280w\" sizes=\"auto, (max-width: 1024px) 100vw, 1024px\" \/><\/figure>\n\n\n\n<p>Por: Staff | #NuevoLaredo #Laredo #NLD #Tamaulipas<\/p>\n\n\n\n<p>Con el objetivo de proteger a la poblaci\u00f3n ante la llegada de la temporada invernal,la Jurisdicci\u00f3n Sanitaria No. V, dio inicio a la Campa\u00f1a Nacional de Vacunaci\u00f3n contra la Influenza y COVID-19 en el Sistema DIF Nuevo Laredo que preside la se\u00f1ora Claudette Canturosas Villarreal.<\/p>\n\n\n\n<p>La jornada de vacunaci\u00f3n tuvo lugar en las instalaciones del DIF, donde se brind\u00f3 atenci\u00f3n a familias, grupos vulnerables, mujeres embarazadas, personas con enfermedades cr\u00f3nicas y familias completas.<\/p>\n\n\n\n<p>La Dra. Liliana Arjona, secretaria de Bienestar Social del Gobierno Municipal, en representaci\u00f3n de la alcaldesa Carmen Lilia Canturosas Villarreal, aplic\u00f3 la primera dosis.<\/p>\n\n\n\n<p>Durante el evento, el Dr. Manlio Fabio Benavides, jefe de la Jurisdicci\u00f3n Sanitaria No. V, y el Ing. Viviano V\u00e1zquez Mac\u00edas, director general del DIF Nuevo Laredo, dieron la bienvenida a las familias que acudieron al llamado para protegerse ante los riesgos de la temporada invernal.<\/p>\n\n\n\n<p>Esta jornada de vacunaci\u00f3n est\u00e1 dirigida especialmente a los grupos m\u00e1s vulnerables, personas con padecimientos cr\u00f3nicos, as\u00ed como al p\u00fablico en general. Adem\u00e1s, se atendi\u00f3 a familias que trajeron a sus hijos para iniciar o completar su esquema de vacunaci\u00f3n, incluyendo dosis de vacunas como Rotavirus, Neumoc\u00f3cica 13V, Hexavalente y Toxoide Tet\u00e1nico, entre otras.<\/p>\n\n\n\n<p>Bajo el mismo compromiso de proteger a los grupos vulnerables se realiz\u00f3 una jornada de vacunaci\u00f3n en Casa Club del Adulto Activo y en el Asilo Vida y Esperanza.<\/p>\n\n\n\n<p>Las personas que a\u00fan necesiten vacunarse pueden acudir al centro de salud m\u00e1s cercano para recibir la vacuna contra la influenza o cualquier otra del esquema b\u00e1sico.<\/p>\n","protected":false},"excerpt":{"rendered":"<p>Por: Staff | #NuevoLaredo #Laredo #NLD #Tamaulipas Con el objetivo de proteger a la poblaci\u00f3n ante la llegada de la temporada invernal,la Jurisdicci\u00f3n Sanitaria No. V, dio inicio a la Campa\u00f1a Nacional de Vacunaci\u00f3n contra la Influenza y COVID-19 en el Sistema DIF Nuevo Laredo que preside la se\u00f1ora Claudette Canturosas Villarreal. La jornada de &hellip;<\/p>\n","protected":false},"author":1,"featured_media":10630,"comment_status":"open","ping_status":"open","sticky":false,"template":"","format":"standard","meta":{"footnotes":""},"categories":[38],"tags":[],"class_list":["post-10629","post","type-post","status-publish","format-standard","has-post-thumbnail","","category-nuevo-laredo"],"_links":{"self":[{"href":"https:\/\/www.radiointeractivo.com.mx\/index.php?rest_route=\/wp\/v2\/posts\/10629","targetHints":{"allow":["GET"]}}],"collection":[{"href":"https:\/\/www.radiointeractivo.com.mx\/index.php?rest_route=\/wp\/v2\/posts"}],"about":[{"href":"https:\/\/www.radiointeractivo.com.mx\/index.php?rest_route=\/wp\/v2\/types\/post"}],"author":[{"embeddable":true,"href":"https:\/\/www.radiointeractivo.com.mx\/index.php?rest_route=\/wp\/v2\/users\/1"}],"replies":[{"embeddable":true,"href":"https:\/\/www.radiointeractivo.com.mx\/index.php?rest_route=%2Fwp%2Fv2%2Fcomments&post=10629"}],"version-history":[{"count":1,"href":"https:\/\/www.radiointeractivo.com.mx\/index.php?rest_route=\/wp\/v2\/posts\/10629\/revisions"}],"predecessor-version":[{"id":10631,"href":"https:\/\/www.radiointeractivo.com.mx\/index.php?rest_route=\/wp\/v2\/posts\/10629\/revisions\/10631"}],"wp:featuredmedia":[{"embeddable":true,"href":"https:\/\/www.radiointeractivo.com.mx\/index.php?rest_route=\/wp\/v2\/media\/10630"}],"wp:attachment":[{"href":"https:\/\/www.radiointeractivo.com.mx\/index.php?rest_route=%2Fwp%2Fv2%2Fmedia&parent=10629"}],"wp:term":[{"taxonomy":"category","embeddable":true,"href":"https:\/\/www.radiointeractivo.com.mx\/index.php?rest_route=%2Fwp%2Fv2%2Fcategories&post=10629"},{"taxonomy":"post_tag","embeddable":true,"href":"https:\/\/www.radiointeractivo.com.mx\/index.php?rest_route=%2Fwp%2Fv2%2Ftags&post=10629"}],"curies":[{"name":"wp","href":"https:\/\/api.w.org\/{rel}","templated":true}]}}