{"id":10626,"date":"2024-10-16T16:34:51","date_gmt":"2024-10-16T21:34:51","guid":{"rendered":"https:\/\/www.radiointeractivo.com.mx\/?p=10626"},"modified":"2024-10-16T16:34:52","modified_gmt":"2024-10-16T21:34:52","slug":"invita-alcaldesa-carmen-lilia-canturosas-a-rodada-rosa","status":"publish","type":"post","link":"https:\/\/www.radiointeractivo.com.mx\/?p=10626","title":{"rendered":"INVITA ALCALDESA CARMEN LILIA CANTUROSAS A \u201cRODADA ROSA\u201d"},"content":{"rendered":"\n<figure class=\"wp-block-image size-large\"><img loading=\"lazy\" decoding=\"async\" width=\"819\" height=\"1024\" src=\"https:\/\/www.radiointeractivo.com.mx\/wp-content\/uploads\/2024\/10\/WhatsApp-Image-2024-10-16-at-2.39.52-PM-819x1024.jpeg\" alt=\"\" class=\"wp-image-10627\" srcset=\"https:\/\/www.radiointeractivo.com.mx\/wp-content\/uploads\/2024\/10\/WhatsApp-Image-2024-10-16-at-2.39.52-PM-819x1024.jpeg 819w, https:\/\/www.radiointeractivo.com.mx\/wp-content\/uploads\/2024\/10\/WhatsApp-Image-2024-10-16-at-2.39.52-PM-240x300.jpeg 240w, https:\/\/www.radiointeractivo.com.mx\/wp-content\/uploads\/2024\/10\/WhatsApp-Image-2024-10-16-at-2.39.52-PM-768x960.jpeg 768w, https:\/\/www.radiointeractivo.com.mx\/wp-content\/uploads\/2024\/10\/WhatsApp-Image-2024-10-16-at-2.39.52-PM.jpeg 975w\" sizes=\"auto, (max-width: 819px) 100vw, 819px\" \/><\/figure>\n\n\n\n<p>Por: Staff | #NuevoLaredo #Laredo #NLD #Tamaulipas<\/p>\n\n\n\n<p>El Gobierno Municipal llevar\u00e1 a cabo la tradicional \u201cRodada Rosa\u201d con el objetivo de concientizar a la ciudadan\u00eda sobre la Lucha contra el C\u00e1ncer de Mama y la importancia de detectar esta enfermedad a tiempo.<\/p>\n\n\n\n<p>La alcaldesa Carmen Lilia Canturosas Villarreal invit\u00f3 a todos los ciudadanos a participar en este emocionante y emotivo evento que se realizar\u00e1 este jueves 17 de octubre, comenzando a las 8:00 de la noche.<\/p>\n\n\n\n<p>\u201cHacemos este evento para crear conciencia sobre lo importante que es la detecci\u00f3n temprana del c\u00e1ncer de mama, as\u00ed como en apoyo a las personas que sufren de esta enfermedad y hacerles saber que no est\u00e1n solas\u201d, se\u00f1al\u00f3 la presidenta municipal.<\/p>\n\n\n\n<p>La presidenta municipal inform\u00f3 que estar\u00e1 participando el grupo de Motoclubes Unidos de Nuevo Laredo, adem\u00e1s que al finalizar habr\u00e1 un concierto a cargo de la agrupaci\u00f3n Manhattan Project ofreciendo una gran noche de convivencia para todos.<\/p>\n\n\n\n<p>La salida es desde el Monumento a Fundadores por la Guerrero (sur), hacia Reforma, Paseo Col\u00f3n, prolongaci\u00f3n Guerrero (nte) y finalizar\u00e1 en la Plaza Las Antorchas.<\/p>\n\n\n\n<p>El 19 de octubre se celebra el D\u00eda Mundial contra el C\u00e1ncer de Mama, establecido por la Organizaci\u00f3n Mundial de la Salud (OMS) en 1988. La finalidad de esta conmemoraci\u00f3n es concientizar a la poblaci\u00f3n sobre la importancia de esta enfermedad y promover que m\u00e1s mujeres se realicen un diagn\u00f3stico o tratamiento oportuno.<\/p>\n\n\n\n<p>El c\u00e1ncer de mama es el tipo de c\u00e1ncer m\u00e1s com\u00fan y la segunda causa de muerte m\u00e1s com\u00fan en las mujeres.<\/p>\n","protected":false},"excerpt":{"rendered":"<p>Por: Staff | #NuevoLaredo #Laredo #NLD #Tamaulipas El Gobierno Municipal llevar\u00e1 a cabo la tradicional \u201cRodada Rosa\u201d con el objetivo de concientizar a la ciudadan\u00eda sobre la Lucha contra el C\u00e1ncer de Mama y la importancia de detectar esta enfermedad a tiempo. La alcaldesa Carmen Lilia Canturosas Villarreal invit\u00f3 a todos los ciudadanos a participar &hellip;<\/p>\n","protected":false},"author":1,"featured_media":10627,"comment_status":"open","ping_status":"open","sticky":false,"template":"","format":"standard","meta":{"footnotes":""},"categories":[38],"tags":[],"class_list":["post-10626","post","type-post","status-publish","format-standard","has-post-thumbnail","","category-nuevo-laredo"],"_links":{"self":[{"href":"https:\/\/www.radiointeractivo.com.mx\/index.php?rest_route=\/wp\/v2\/posts\/10626","targetHints":{"allow":["GET"]}}],"collection":[{"href":"https:\/\/www.radiointeractivo.com.mx\/index.php?rest_route=\/wp\/v2\/posts"}],"about":[{"href":"https:\/\/www.radiointeractivo.com.mx\/index.php?rest_route=\/wp\/v2\/types\/post"}],"author":[{"embeddable":true,"href":"https:\/\/www.radiointeractivo.com.mx\/index.php?rest_route=\/wp\/v2\/users\/1"}],"replies":[{"embeddable":true,"href":"https:\/\/www.radiointeractivo.com.mx\/index.php?rest_route=%2Fwp%2Fv2%2Fcomments&post=10626"}],"version-history":[{"count":1,"href":"https:\/\/www.radiointeractivo.com.mx\/index.php?rest_route=\/wp\/v2\/posts\/10626\/revisions"}],"predecessor-version":[{"id":10628,"href":"https:\/\/www.radiointeractivo.com.mx\/index.php?rest_route=\/wp\/v2\/posts\/10626\/revisions\/10628"}],"wp:featuredmedia":[{"embeddable":true,"href":"https:\/\/www.radiointeractivo.com.mx\/index.php?rest_route=\/wp\/v2\/media\/10627"}],"wp:attachment":[{"href":"https:\/\/www.radiointeractivo.com.mx\/index.php?rest_route=%2Fwp%2Fv2%2Fmedia&parent=10626"}],"wp:term":[{"taxonomy":"category","embeddable":true,"href":"https:\/\/www.radiointeractivo.com.mx\/index.php?rest_route=%2Fwp%2Fv2%2Fcategories&post=10626"},{"taxonomy":"post_tag","embeddable":true,"href":"https:\/\/www.radiointeractivo.com.mx\/index.php?rest_route=%2Fwp%2Fv2%2Ftags&post=10626"}],"curies":[{"name":"wp","href":"https:\/\/api.w.org\/{rel}","templated":true}]}}