{"id":1060,"date":"2023-09-01T20:36:15","date_gmt":"2023-09-01T20:36:15","guid":{"rendered":"https:\/\/www.radiointeractivo.com.mx\/?p=1060"},"modified":"2023-09-01T20:36:16","modified_gmt":"2023-09-01T20:36:16","slug":"mercado-joven-impulsa-el-emprendimiento-de-la-juventud-de-ciudad-victoria","status":"publish","type":"post","link":"https:\/\/www.radiointeractivo.com.mx\/?p=1060","title":{"rendered":"Mercado Joven impulsa el emprendimiento de la juventud de Ciudad Victoria"},"content":{"rendered":"\n<p>-Los tres niveles de gobierno brindan apoyo sin precedentes a la juventud; \u201ccon los j\u00f3venes todo, sin los j\u00f3venes nada\u201d: Olga Sosa Ru\u00edz<\/p>\n\n\n\n<p>Por: Agencias<\/p>\n\n\n\n<p>Ciudad Victoria, Tamaulipas. &#8211; El gobierno de Am\u00e9rico Villarreal Anaya a trav\u00e9s de la Secretar\u00eda del Trabajo y Previsi\u00f3n Social, puso en marcha Mercado Joven, iniciativa a cargo del INJUVE que dirige Katalyna M\u00e9ndez, y que cont\u00f3 con la presencia del director general del IMJUVE a nivel nacional, Guillermo Rafael Santiago Rodr\u00edguez, la presencia de m\u00e1s de 60 emprendedores y 14 m\u00f3dulos informativos de las distintas dependencias de gobierno.<\/p>\n\n\n\n<p>La secretaria del Trabajo, Olga Sosa Ru\u00edz dio la bienvenida a las y los invitados al arranque de este programa Mercado Joven, que es una iniciativa que forma parte de la Agenda de Atenci\u00f3n a la Juventud del Gobierno de Tamaulipas; en ella se privilegia el emprendimiento de mujeres y hombres que con su creatividad, ofertan productos y servicios para generar sus propias oportunidades de empleo, de ingreso y desarrollo.<\/p>\n\n\n\n<p>En su intervenci\u00f3n, destac\u00f3 el involucramiento de los tres niveles de gobierno para hacer este tipo de eventos de fomento e inclusi\u00f3n del talento de Tamaulipas, as\u00ed como la inclusi\u00f3n de C\u00e1maras y empresarios con quienes se fortalece la alianza para impulsar a este sector de la poblaci\u00f3n; la funcionaria estatal sintetiz\u00f3 las acciones del gobierno humanista de Tamaulipas, en materia de juventud con la frase, \u201ccon los j\u00f3venes todo, sin los j\u00f3venes nada\u201d.<\/p>\n\n\n\n<p>En su oportunidad, Guillermo Rafael Santiago Rodr\u00edguez, habl\u00f3 del compromiso del presidente Andr\u00e9s Manuel L\u00f3pez Obrador con este sector que ha beneficiado a millones de j\u00f3venes a trav\u00e9s de programas como J\u00f3venes Construyendo el Futuro y que en Tamaulipas, tiene todo el respaldo del gobernador Am\u00e9rico Villarreal Anaya.<\/p>\n\n\n\n<p>En su participaci\u00f3n, aplaudi\u00f3 la iniciativa de Mercado Joven al apoyar el emprendimiento de personas que se encuentran entre 18 y 29 a\u00f1os de edad, que en un espacio gratuito intercambian y comercian sus productos; tambi\u00e9n se\u00f1al\u00f3 que se cuenta con convenios con plataformas digitales como son Amazon y Mercado Libre para potencializar sus ventas, tambi\u00e9n, el Instituto Mexicano de la Juventud (IMJUVE), tiene convenio con el Instituto Mexicano de la Propiedad (IMPI) para tener precio preferencial en el registro de nuevas marcas, que puso a disposici\u00f3n para las y los j\u00f3venes interesados.<\/p>\n\n\n\n<p>Por su parte, la directora del INJUVE en Tamaulipas Katalyna M\u00e9ndez Cepeda, se\u00f1al\u00f3 que gracias a estas nuevas pol\u00edticas p\u00fablicas que lleva a cabo el gobierno de Tamaulipas, por iniciativa del gobernador Am\u00e9rico Villarreal Anaya, se han abierto las puertas y ahora los j\u00f3venes son parte de la agenda de gobierno.<\/p>\n\n\n\n<p>Mercado Joven, con m\u00e1s de 60 emprendedores y 14 m\u00f3dulos, fue presentado durante las actividades de &#8220;Libre 17&#8221; a cargo del gobierno municipal de Eduardo Gatt\u00e1s, quien hizo un reconocimiento a la labor que se hace entre el Estado y la Federaci\u00f3n, para terminar con los estigmas que durante a\u00f1os se han hecho injustamente a la poblaci\u00f3n joven.<\/p>\n\n\n\n<p>Al evento asistieron adem\u00e1s Ang\u00e9lica Pedraza Melo, contralora estatal; Jes\u00fas Salazar Perales, de J\u00f3venes Construyendo el Futuro; Juan Pablo Gonz\u00e1lez Mart\u00ednez, de Canirac Victoria; Ethel Robles Barajas de Canaco Victoria; Samuel Campillo Gracia, coordinador de Empleabilidad y Emprendimiento; el subsecretario de la Micro, Peque\u00f1a y Mediana Empresa, Francisco Noriega; el director general de los Centros de Conciliaci\u00f3n Laboral, Jos\u00e9 Ives Sober\u00f3n Mej\u00eda y el coordinador estatal de Protecci\u00f3n Civil, Luis Gerardo Gonz\u00e1lez de la Fuente.<\/p>\n","protected":false},"excerpt":{"rendered":"<p>-Los tres niveles de gobierno brindan apoyo sin precedentes a la juventud; \u201ccon los j\u00f3venes todo, sin los j\u00f3venes nada\u201d: Olga Sosa Ru\u00edz Por: Agencias Ciudad Victoria, Tamaulipas. &#8211; El gobierno de Am\u00e9rico Villarreal Anaya a trav\u00e9s de la Secretar\u00eda del Trabajo y Previsi\u00f3n Social, puso en marcha Mercado Joven, iniciativa a cargo del INJUVE &hellip;<\/p>\n","protected":false},"author":1,"featured_media":1061,"comment_status":"open","ping_status":"open","sticky":false,"template":"","format":"standard","meta":{"footnotes":""},"categories":[39],"tags":[],"class_list":["post-1060","post","type-post","status-publish","format-standard","has-post-thumbnail","","category-tamaulipas"],"_links":{"self":[{"href":"https:\/\/www.radiointeractivo.com.mx\/index.php?rest_route=\/wp\/v2\/posts\/1060","targetHints":{"allow":["GET"]}}],"collection":[{"href":"https:\/\/www.radiointeractivo.com.mx\/index.php?rest_route=\/wp\/v2\/posts"}],"about":[{"href":"https:\/\/www.radiointeractivo.com.mx\/index.php?rest_route=\/wp\/v2\/types\/post"}],"author":[{"embeddable":true,"href":"https:\/\/www.radiointeractivo.com.mx\/index.php?rest_route=\/wp\/v2\/users\/1"}],"replies":[{"embeddable":true,"href":"https:\/\/www.radiointeractivo.com.mx\/index.php?rest_route=%2Fwp%2Fv2%2Fcomments&post=1060"}],"version-history":[{"count":1,"href":"https:\/\/www.radiointeractivo.com.mx\/index.php?rest_route=\/wp\/v2\/posts\/1060\/revisions"}],"predecessor-version":[{"id":1062,"href":"https:\/\/www.radiointeractivo.com.mx\/index.php?rest_route=\/wp\/v2\/posts\/1060\/revisions\/1062"}],"wp:featuredmedia":[{"embeddable":true,"href":"https:\/\/www.radiointeractivo.com.mx\/index.php?rest_route=\/wp\/v2\/media\/1061"}],"wp:attachment":[{"href":"https:\/\/www.radiointeractivo.com.mx\/index.php?rest_route=%2Fwp%2Fv2%2Fmedia&parent=1060"}],"wp:term":[{"taxonomy":"category","embeddable":true,"href":"https:\/\/www.radiointeractivo.com.mx\/index.php?rest_route=%2Fwp%2Fv2%2Fcategories&post=1060"},{"taxonomy":"post_tag","embeddable":true,"href":"https:\/\/www.radiointeractivo.com.mx\/index.php?rest_route=%2Fwp%2Fv2%2Ftags&post=1060"}],"curies":[{"name":"wp","href":"https:\/\/api.w.org\/{rel}","templated":true}]}}