{"id":1051,"date":"2023-09-01T20:33:19","date_gmt":"2023-09-01T20:33:19","guid":{"rendered":"https:\/\/www.radiointeractivo.com.mx\/?p=1051"},"modified":"2023-09-01T20:33:20","modified_gmt":"2023-09-01T20:33:20","slug":"convoca-colegio-de-tamaulipas-a-maestria-en-planeacion-estrategica-y-prospectiva","status":"publish","type":"post","link":"https:\/\/www.radiointeractivo.com.mx\/?p=1051","title":{"rendered":"Convoca Colegio de Tamaulipas a Maestr\u00eda en Planeaci\u00f3n Estrat\u00e9gica y Prospectiva"},"content":{"rendered":"\n<p>Por: Agencias<\/p>\n\n\n\n<p>Ciudad Victoria, Tamaulipas. &#8211; En un mundo en constante evoluci\u00f3n y altamente competitivo, la preparaci\u00f3n profesional es fundamental para enfrentar con \u00e9xito los retos en el servicio p\u00fablico, por tal motivo, el Colegio de Tamaulipas (COLTAM) convoca a las y los servidores p\u00fablicos estatales y a todas las personas interesadas, a inscribirse en la Maestr\u00eda en Planeaci\u00f3n Estrat\u00e9gica y Prospectiva.<\/p>\n\n\n\n<p>Atendiendo la instrucci\u00f3n del Gobierno del Estado, bajo el liderazgo de Am\u00e9rico Villarreal Anaya, de profesionalizar el trabajo que desempe\u00f1an las funcionarias y funcionarios, a trav\u00e9s de la Secretar\u00eda de Educaci\u00f3n que dirige Luc\u00eda Aim\u00e9 Castillo Pastor y mediante el Colegio de Tamaulipas, se ofrece una formaci\u00f3n altamente especializada en el an\u00e1lisis y orientaci\u00f3n de escenarios futuros, con el prop\u00f3sito de anticipar y abordar los desaf\u00edos en los sectores p\u00fablico, privado y de organizaciones sociales.<\/p>\n\n\n\n<p>Los ejes estrat\u00e9gicos de investigaci\u00f3n en el posgrado, abarcan aspectos cruciales para el desarrollo sostenible, incluyendo el bienestar social, el desarrollo econ\u00f3mico sostenible, as\u00ed como la eficiente administraci\u00f3n p\u00fablica, por lo que la maestr\u00eda se ha convertido en un referente importante en el campo de la planificaci\u00f3n estrat\u00e9gica y la prospectiva en la regi\u00f3n.<\/p>\n\n\n\n<p>El programa acad\u00e9mico est\u00e1 dirigido a profesionales con una marcada inquietud por comprender las transformaciones del entorno, identificar mega tendencias globales y compromisos internacionales que influyen en la agenda nacional de desarrollo.<\/p>\n\n\n\n<p>Tambi\u00e9n, la maestr\u00eda profundiza la sensibilidad para identificar relaciones causa-efecto en fen\u00f3menos sociales y fortalece la creatividad para procesar informaci\u00f3n, junto con habilidades expresivas a trav\u00e9s de textos escritos.<\/p>\n\n\n\n<p>La Maestr\u00eda en Planeaci\u00f3n Estrat\u00e9gica y Prospectiva tiene una duraci\u00f3n de dos a\u00f1os (4 semestres), un horario de clases de martes y jueves de 18:00 a 21:00 horas, en una modalidad en l\u00ednea.<\/p>\n\n\n\n<p>La recepci\u00f3n de solicitudes de los interesados ser\u00e1 hasta el 15 de septiembre, el per\u00edodo de entrevistas ser\u00e1 del 18 al 22 de septiembre, las inscripciones del 25 al 29 de septiembre y el inicio de clases el 3 de octubre de 2023.<\/p>\n\n\n\n<p>La inscripci\u00f3n tendr\u00e1 un costo de 3 mil 350 pesos y el costo por materia ser\u00e1 de 3 mil 250 pesos. Sin embargo para los servidores p\u00fablicos que se registren, ser\u00e1n beneficiados con un 30 por ciento de descuento en los costos de inscripci\u00f3n y materias.<\/p>\n\n\n\n<p>El COLTAM invita a los profesionales interesados a unirse a esta comunidad acad\u00e9mica comprometida con la excelencia y la transformaci\u00f3n positiva de la sociedad. Para m\u00e1s informaci\u00f3n sobre la convocatoria y el proceso de admisi\u00f3n, pueden visitar el sitio web del Colegio en la siguiente direcci\u00f3n: http:\/\/www.coltam.edu.mx\/posgrado\/maestrias\/planeacion-estrategica-y prospectiva\/ o contactarse v\u00eda telef\u00f3nica al (834) 306-0061, Whatsapp (834) 189- 0609 o al correo electr\u00f3nico cga.coltam@tam.gob.mx, dirigi\u00e9ndose a Mar\u00eda Magdalena Garc\u00eda Rodr\u00edguez, coordinadora general acad\u00e9mica de El Colegio de Tamaulipas.<\/p>\n","protected":false},"excerpt":{"rendered":"<p>Por: Agencias Ciudad Victoria, Tamaulipas. &#8211; En un mundo en constante evoluci\u00f3n y altamente competitivo, la preparaci\u00f3n profesional es fundamental para enfrentar con \u00e9xito los retos en el servicio p\u00fablico, por tal motivo, el Colegio de Tamaulipas (COLTAM) convoca a las y los servidores p\u00fablicos estatales y a todas las personas interesadas, a inscribirse en &hellip;<\/p>\n","protected":false},"author":1,"featured_media":1052,"comment_status":"open","ping_status":"open","sticky":false,"template":"","format":"standard","meta":{"footnotes":""},"categories":[39],"tags":[],"class_list":["post-1051","post","type-post","status-publish","format-standard","has-post-thumbnail","","category-tamaulipas"],"_links":{"self":[{"href":"https:\/\/www.radiointeractivo.com.mx\/index.php?rest_route=\/wp\/v2\/posts\/1051","targetHints":{"allow":["GET"]}}],"collection":[{"href":"https:\/\/www.radiointeractivo.com.mx\/index.php?rest_route=\/wp\/v2\/posts"}],"about":[{"href":"https:\/\/www.radiointeractivo.com.mx\/index.php?rest_route=\/wp\/v2\/types\/post"}],"author":[{"embeddable":true,"href":"https:\/\/www.radiointeractivo.com.mx\/index.php?rest_route=\/wp\/v2\/users\/1"}],"replies":[{"embeddable":true,"href":"https:\/\/www.radiointeractivo.com.mx\/index.php?rest_route=%2Fwp%2Fv2%2Fcomments&post=1051"}],"version-history":[{"count":1,"href":"https:\/\/www.radiointeractivo.com.mx\/index.php?rest_route=\/wp\/v2\/posts\/1051\/revisions"}],"predecessor-version":[{"id":1053,"href":"https:\/\/www.radiointeractivo.com.mx\/index.php?rest_route=\/wp\/v2\/posts\/1051\/revisions\/1053"}],"wp:featuredmedia":[{"embeddable":true,"href":"https:\/\/www.radiointeractivo.com.mx\/index.php?rest_route=\/wp\/v2\/media\/1052"}],"wp:attachment":[{"href":"https:\/\/www.radiointeractivo.com.mx\/index.php?rest_route=%2Fwp%2Fv2%2Fmedia&parent=1051"}],"wp:term":[{"taxonomy":"category","embeddable":true,"href":"https:\/\/www.radiointeractivo.com.mx\/index.php?rest_route=%2Fwp%2Fv2%2Fcategories&post=1051"},{"taxonomy":"post_tag","embeddable":true,"href":"https:\/\/www.radiointeractivo.com.mx\/index.php?rest_route=%2Fwp%2Fv2%2Ftags&post=1051"}],"curies":[{"name":"wp","href":"https:\/\/api.w.org\/{rel}","templated":true}]}}