{"id":1047,"date":"2023-09-01T20:31:41","date_gmt":"2023-09-01T20:31:41","guid":{"rendered":"https:\/\/www.radiointeractivo.com.mx\/?p=1047"},"modified":"2023-09-01T20:32:27","modified_gmt":"2023-09-01T20:32:27","slug":"fortalecera-centro-regional-de-formacion-docente-e-investigacion-educativa-el-cuerpo-academico-de-la-universidad-politecnica-de-altamira","status":"publish","type":"post","link":"https:\/\/www.radiointeractivo.com.mx\/?p=1047","title":{"rendered":"Fortalecer\u00e1 Centro Regional de Formaci\u00f3n Docente e Investigaci\u00f3n Educativa el cuerpo acad\u00e9mico de la Universidad Polit\u00e9cnica de Altamira"},"content":{"rendered":"\n<p>Por: Agencias<\/p>\n\n\n\n<p>Altamira, Tamaulipas.- Atendiendo el llamado del gobernador Am\u00e9rico Villarreal Anaya de tener una educaci\u00f3n con una visi\u00f3n humanista, incluyente y de calidad, la Universidad Polit\u00e9cnica de Altamira (UPALT), firm\u00f3 un convenio de colaboraci\u00f3n con el Centro Regional de Formaci\u00f3n Docente e Investigaci\u00f3n Educativa (CRETAM) para fortalecer su cuerpo acad\u00e9mico.<\/p>\n\n\n\n<p>Luc\u00eda Aim\u00e9 Castillo Pastor, secretaria de Educaci\u00f3n de Tamaulipas, fungi\u00f3 como testigo de honor en la firma de este acuerdo, que tiene como objetivo principal la capacitaci\u00f3n de la planta docente y administrativa de la Universidad, para brindar una mejor atenci\u00f3n y formaci\u00f3n profesional a las y los estudiantes.<\/p>\n\n\n\n<p>Jes\u00fas Ricardo Ramos S\u00e1nchez, rector de la UPALT, indic\u00f3 que la instituci\u00f3n se encuentra en un proceso de transformaci\u00f3n en el que se busca la renovaci\u00f3n de los procesos institucionales, as\u00ed como el desarrollo de las condiciones del personal administrativo y docente a trav\u00e9s de la mejora continua, que dar\u00e1 como resultado, brindar una educaci\u00f3n de mayor calidad a las y los estudiantes.<\/p>\n\n\n\n<p>\u201cC\u00f3mo dice nuestro gobernador, en Tamaulipas la educaci\u00f3n radica en el humanismo y sus valores, juntos lograremos que la fuerza transformadora se ponga al servicio del pueblo\u201d, precis\u00f3 el rector.<\/p>\n\n\n\n<p>En este acto protocolario estuvieron presentes, la rectora del Centro Regional de Formaci\u00f3n Docente e Investigaci\u00f3n Educativa (CRETAM), Amelia Castillo Mor\u00e1n; la coordinadora de Organismos P\u00fablicos Descentralizados, Alma Liliana Morado Sald\u00edvar; el rector de la Universidad Tecnol\u00f3gica de Altamira, Juan Dionisio Cruz Guerrero; el rector de El Colegio Tamaulipas, Marco Antonio Moreno Castellanos y el director general del Colegio de Bachilleres de Tamaulipas, Rub\u00e9n Ely Ram\u00edrez Rivas.<\/p>\n","protected":false},"excerpt":{"rendered":"<p>Por: Agencias Altamira, Tamaulipas.- Atendiendo el llamado del gobernador Am\u00e9rico Villarreal Anaya de tener una educaci\u00f3n con una visi\u00f3n humanista, incluyente y de calidad, la Universidad Polit\u00e9cnica de Altamira (UPALT), firm\u00f3 un convenio de colaboraci\u00f3n con el Centro Regional de Formaci\u00f3n Docente e Investigaci\u00f3n Educativa (CRETAM) para fortalecer su cuerpo acad\u00e9mico. Luc\u00eda Aim\u00e9 Castillo Pastor, &hellip;<\/p>\n","protected":false},"author":1,"featured_media":1050,"comment_status":"open","ping_status":"open","sticky":false,"template":"","format":"standard","meta":{"footnotes":""},"categories":[39],"tags":[],"class_list":["post-1047","post","type-post","status-publish","format-standard","has-post-thumbnail","","category-tamaulipas"],"_links":{"self":[{"href":"https:\/\/www.radiointeractivo.com.mx\/index.php?rest_route=\/wp\/v2\/posts\/1047","targetHints":{"allow":["GET"]}}],"collection":[{"href":"https:\/\/www.radiointeractivo.com.mx\/index.php?rest_route=\/wp\/v2\/posts"}],"about":[{"href":"https:\/\/www.radiointeractivo.com.mx\/index.php?rest_route=\/wp\/v2\/types\/post"}],"author":[{"embeddable":true,"href":"https:\/\/www.radiointeractivo.com.mx\/index.php?rest_route=\/wp\/v2\/users\/1"}],"replies":[{"embeddable":true,"href":"https:\/\/www.radiointeractivo.com.mx\/index.php?rest_route=%2Fwp%2Fv2%2Fcomments&post=1047"}],"version-history":[{"count":1,"href":"https:\/\/www.radiointeractivo.com.mx\/index.php?rest_route=\/wp\/v2\/posts\/1047\/revisions"}],"predecessor-version":[{"id":1049,"href":"https:\/\/www.radiointeractivo.com.mx\/index.php?rest_route=\/wp\/v2\/posts\/1047\/revisions\/1049"}],"wp:featuredmedia":[{"embeddable":true,"href":"https:\/\/www.radiointeractivo.com.mx\/index.php?rest_route=\/wp\/v2\/media\/1050"}],"wp:attachment":[{"href":"https:\/\/www.radiointeractivo.com.mx\/index.php?rest_route=%2Fwp%2Fv2%2Fmedia&parent=1047"}],"wp:term":[{"taxonomy":"category","embeddable":true,"href":"https:\/\/www.radiointeractivo.com.mx\/index.php?rest_route=%2Fwp%2Fv2%2Fcategories&post=1047"},{"taxonomy":"post_tag","embeddable":true,"href":"https:\/\/www.radiointeractivo.com.mx\/index.php?rest_route=%2Fwp%2Fv2%2Ftags&post=1047"}],"curies":[{"name":"wp","href":"https:\/\/api.w.org\/{rel}","templated":true}]}}