{"id":1041,"date":"2023-09-01T20:29:11","date_gmt":"2023-09-01T20:29:11","guid":{"rendered":"https:\/\/www.radiointeractivo.com.mx\/?p=1041"},"modified":"2023-09-01T20:29:11","modified_gmt":"2023-09-01T20:29:11","slug":"beneficia-dif-tamaulipas-a-casi-2-mil-personas-de-39-municipios-con-la-campana-de-valoracion-cataratas-bienestar-en-tu-mirada","status":"publish","type":"post","link":"https:\/\/www.radiointeractivo.com.mx\/?p=1041","title":{"rendered":"Beneficia DIF Tamaulipas a casi 2 mil personas de 39 municipios con la campa\u00f1a de valoraci\u00f3n cataratas \u201cBienestar en tu mirada\u201d"},"content":{"rendered":"\n<ul class=\"wp-block-list\">\n<li>La campa\u00f1a se desarrollar\u00e1 en cuatro etapas para garantizar un mejor<br>servicio y atenci\u00f3n<\/li>\n<\/ul>\n\n\n\n<p>Por: Agencias<\/p>\n\n\n\n<p>Ciudad Victoria, Tamaulipas. -Junto al Patrimonio de la Beneficencia P\u00fablica de la Secretar\u00eda de Salud y el Instituto Oftavisi\u00f3n, el Sistema DIF Tamaulipas que preside la doctora Mar\u00eda Santiago de Villarreal, est\u00e1 llevando a cabo durante el presente mes la campa\u00f1a de valoracion cataratas \u201cBienestar en tu mirada\u201d.<\/p>\n\n\n\n<p>Con esta campa\u00f1a se beneficia a casi 2 mil personas de 39 municipios del estado y se desarrollar\u00e1 en 4 etapas a saber: valoraci\u00f3n de beneficiarios, estudios de laboratorio y electrocardiograma, cirug\u00eda y revisi\u00f3n posterior a la cirug\u00eda.<\/p>\n\n\n\n<p>El director general del DIF Estatal, Geancarlo Bonetta Cavazos estableci\u00f3 que se designaron 12 sedes en los municipios del estado, con el objetivo de ofrecer un servicio m\u00e1s eficiente y acercar este beneficio a las personas que requieran de una cirug\u00eda de cataratas o alg\u00fan tratamiento especial para mejorar su salud visual.<\/p>\n","protected":false},"excerpt":{"rendered":"<p>La campa\u00f1a se desarrollar\u00e1 en cuatro etapas para garantizar un mejorservicio y atenci\u00f3n Por: Agencias Ciudad Victoria, Tamaulipas. -Junto al Patrimonio de la Beneficencia P\u00fablica de la Secretar\u00eda de Salud y el Instituto Oftavisi\u00f3n, el Sistema DIF Tamaulipas que preside la doctora Mar\u00eda Santiago de Villarreal, est\u00e1 llevando a cabo durante el presente mes la &hellip;<\/p>\n","protected":false},"author":1,"featured_media":1042,"comment_status":"open","ping_status":"open","sticky":false,"template":"","format":"standard","meta":{"footnotes":""},"categories":[39],"tags":[],"class_list":["post-1041","post","type-post","status-publish","format-standard","has-post-thumbnail","","category-tamaulipas"],"_links":{"self":[{"href":"https:\/\/www.radiointeractivo.com.mx\/index.php?rest_route=\/wp\/v2\/posts\/1041","targetHints":{"allow":["GET"]}}],"collection":[{"href":"https:\/\/www.radiointeractivo.com.mx\/index.php?rest_route=\/wp\/v2\/posts"}],"about":[{"href":"https:\/\/www.radiointeractivo.com.mx\/index.php?rest_route=\/wp\/v2\/types\/post"}],"author":[{"embeddable":true,"href":"https:\/\/www.radiointeractivo.com.mx\/index.php?rest_route=\/wp\/v2\/users\/1"}],"replies":[{"embeddable":true,"href":"https:\/\/www.radiointeractivo.com.mx\/index.php?rest_route=%2Fwp%2Fv2%2Fcomments&post=1041"}],"version-history":[{"count":1,"href":"https:\/\/www.radiointeractivo.com.mx\/index.php?rest_route=\/wp\/v2\/posts\/1041\/revisions"}],"predecessor-version":[{"id":1043,"href":"https:\/\/www.radiointeractivo.com.mx\/index.php?rest_route=\/wp\/v2\/posts\/1041\/revisions\/1043"}],"wp:featuredmedia":[{"embeddable":true,"href":"https:\/\/www.radiointeractivo.com.mx\/index.php?rest_route=\/wp\/v2\/media\/1042"}],"wp:attachment":[{"href":"https:\/\/www.radiointeractivo.com.mx\/index.php?rest_route=%2Fwp%2Fv2%2Fmedia&parent=1041"}],"wp:term":[{"taxonomy":"category","embeddable":true,"href":"https:\/\/www.radiointeractivo.com.mx\/index.php?rest_route=%2Fwp%2Fv2%2Fcategories&post=1041"},{"taxonomy":"post_tag","embeddable":true,"href":"https:\/\/www.radiointeractivo.com.mx\/index.php?rest_route=%2Fwp%2Fv2%2Ftags&post=1041"}],"curies":[{"name":"wp","href":"https:\/\/api.w.org\/{rel}","templated":true}]}}