{"id":10391,"date":"2024-09-16T11:45:12","date_gmt":"2024-09-16T16:45:12","guid":{"rendered":"https:\/\/www.radiointeractivo.com.mx\/?p=10391"},"modified":"2024-09-16T11:45:13","modified_gmt":"2024-09-16T16:45:13","slug":"conmemoran-214-anos-del-inicio-de-la-independencia-de-mexico-con-honores-y-ofrenda-floral","status":"publish","type":"post","link":"https:\/\/www.radiointeractivo.com.mx\/?p=10391","title":{"rendered":"CONMEMORAN 214 A\u00d1OS DEL INICIO DE LA INDEPENDENCIA DE M\u00c9XICO CON HONORES Y OFRENDA FLORAL"},"content":{"rendered":"\n<figure class=\"wp-block-image size-large\"><img loading=\"lazy\" decoding=\"async\" width=\"1024\" height=\"684\" src=\"https:\/\/www.radiointeractivo.com.mx\/wp-content\/uploads\/2024\/09\/WhatsApp-Image-2024-09-16-at-11.27.53-AM-1024x684.jpeg\" alt=\"\" class=\"wp-image-10392\" srcset=\"https:\/\/www.radiointeractivo.com.mx\/wp-content\/uploads\/2024\/09\/WhatsApp-Image-2024-09-16-at-11.27.53-AM-1024x684.jpeg 1024w, https:\/\/www.radiointeractivo.com.mx\/wp-content\/uploads\/2024\/09\/WhatsApp-Image-2024-09-16-at-11.27.53-AM-300x200.jpeg 300w, https:\/\/www.radiointeractivo.com.mx\/wp-content\/uploads\/2024\/09\/WhatsApp-Image-2024-09-16-at-11.27.53-AM-768x513.jpeg 768w, https:\/\/www.radiointeractivo.com.mx\/wp-content\/uploads\/2024\/09\/WhatsApp-Image-2024-09-16-at-11.27.53-AM-1536x1026.jpeg 1536w, https:\/\/www.radiointeractivo.com.mx\/wp-content\/uploads\/2024\/09\/WhatsApp-Image-2024-09-16-at-11.27.53-AM.jpeg 1600w\" sizes=\"auto, (max-width: 1024px) 100vw, 1024px\" \/><\/figure>\n\n\n\n<p>Por: Staff | #NuevoLaredo #Laredo #NLD #Tamaulipas<\/p>\n\n\n\n<p>En conmemoraci\u00f3n de los 214 a\u00f1os del inicio de la Independencia de M\u00e9xico, el Gobierno Municipal junto a las autoridades estatales, federales, militares y escolares, comenzaron las celebraciones de esta fecha hist\u00f3rica con Honores a la Bandera en la Plaza C\u00edvica Municipal.<\/p>\n\n\n\n<p>Despu\u00e9s, se dirigieron al monumento a Miguel Hidalgo, donde realizaron una Ofrenda Floral y Guardia de Honor a los h\u00e9roes que dieron patria a la naci\u00f3n; ah\u00ed tambi\u00e9n se dio inicio al tradicional desfile conmemorativo del 16 de septiembre.<\/p>\n","protected":false},"excerpt":{"rendered":"<p>Por: Staff | #NuevoLaredo #Laredo #NLD #Tamaulipas En conmemoraci\u00f3n de los 214 a\u00f1os del inicio de la Independencia de M\u00e9xico, el Gobierno Municipal junto a las autoridades estatales, federales, militares y escolares, comenzaron las celebraciones de esta fecha hist\u00f3rica con Honores a la Bandera en la Plaza C\u00edvica Municipal. Despu\u00e9s, se dirigieron al monumento a &hellip;<\/p>\n","protected":false},"author":1,"featured_media":10393,"comment_status":"open","ping_status":"open","sticky":false,"template":"","format":"standard","meta":{"footnotes":""},"categories":[38],"tags":[],"class_list":["post-10391","post","type-post","status-publish","format-standard","has-post-thumbnail","","category-nuevo-laredo"],"_links":{"self":[{"href":"https:\/\/www.radiointeractivo.com.mx\/index.php?rest_route=\/wp\/v2\/posts\/10391","targetHints":{"allow":["GET"]}}],"collection":[{"href":"https:\/\/www.radiointeractivo.com.mx\/index.php?rest_route=\/wp\/v2\/posts"}],"about":[{"href":"https:\/\/www.radiointeractivo.com.mx\/index.php?rest_route=\/wp\/v2\/types\/post"}],"author":[{"embeddable":true,"href":"https:\/\/www.radiointeractivo.com.mx\/index.php?rest_route=\/wp\/v2\/users\/1"}],"replies":[{"embeddable":true,"href":"https:\/\/www.radiointeractivo.com.mx\/index.php?rest_route=%2Fwp%2Fv2%2Fcomments&post=10391"}],"version-history":[{"count":1,"href":"https:\/\/www.radiointeractivo.com.mx\/index.php?rest_route=\/wp\/v2\/posts\/10391\/revisions"}],"predecessor-version":[{"id":10394,"href":"https:\/\/www.radiointeractivo.com.mx\/index.php?rest_route=\/wp\/v2\/posts\/10391\/revisions\/10394"}],"wp:featuredmedia":[{"embeddable":true,"href":"https:\/\/www.radiointeractivo.com.mx\/index.php?rest_route=\/wp\/v2\/media\/10393"}],"wp:attachment":[{"href":"https:\/\/www.radiointeractivo.com.mx\/index.php?rest_route=%2Fwp%2Fv2%2Fmedia&parent=10391"}],"wp:term":[{"taxonomy":"category","embeddable":true,"href":"https:\/\/www.radiointeractivo.com.mx\/index.php?rest_route=%2Fwp%2Fv2%2Fcategories&post=10391"},{"taxonomy":"post_tag","embeddable":true,"href":"https:\/\/www.radiointeractivo.com.mx\/index.php?rest_route=%2Fwp%2Fv2%2Ftags&post=10391"}],"curies":[{"name":"wp","href":"https:\/\/api.w.org\/{rel}","templated":true}]}}