{"id":10385,"date":"2024-09-13T16:33:59","date_gmt":"2024-09-13T21:33:59","guid":{"rendered":"https:\/\/www.radiointeractivo.com.mx\/?p=10385"},"modified":"2024-09-13T16:34:00","modified_gmt":"2024-09-13T21:34:00","slug":"encabeza-alcaldesa-carmen-lilia-canturosas-conmemoracion-del-177-aniversario-de-la-gesta-heroica-de-los-ninos-heroes","status":"publish","type":"post","link":"https:\/\/www.radiointeractivo.com.mx\/?p=10385","title":{"rendered":"ENCABEZA ALCALDESA CARMEN LILIA CANTUROSAS CONMEMORACI\u00d3N DEL 177 ANIVERSARIO DE LA GESTA HEROICA DE LOS NI\u00d1OS H\u00c9ROES"},"content":{"rendered":"\n<figure class=\"wp-block-image size-large\"><img loading=\"lazy\" decoding=\"async\" width=\"1024\" height=\"684\" src=\"https:\/\/www.radiointeractivo.com.mx\/wp-content\/uploads\/2024\/09\/WhatsApp-Image-2024-09-13-at-3.49.57-PM-1024x684.jpeg\" alt=\"\" class=\"wp-image-10386\" srcset=\"https:\/\/www.radiointeractivo.com.mx\/wp-content\/uploads\/2024\/09\/WhatsApp-Image-2024-09-13-at-3.49.57-PM-1024x684.jpeg 1024w, https:\/\/www.radiointeractivo.com.mx\/wp-content\/uploads\/2024\/09\/WhatsApp-Image-2024-09-13-at-3.49.57-PM-300x200.jpeg 300w, https:\/\/www.radiointeractivo.com.mx\/wp-content\/uploads\/2024\/09\/WhatsApp-Image-2024-09-13-at-3.49.57-PM-768x513.jpeg 768w, https:\/\/www.radiointeractivo.com.mx\/wp-content\/uploads\/2024\/09\/WhatsApp-Image-2024-09-13-at-3.49.57-PM-1536x1026.jpeg 1536w, https:\/\/www.radiointeractivo.com.mx\/wp-content\/uploads\/2024\/09\/WhatsApp-Image-2024-09-13-at-3.49.57-PM.jpeg 1600w\" sizes=\"auto, (max-width: 1024px) 100vw, 1024px\" \/><\/figure>\n\n\n\n<p>Por: Staff | #NuevoLaredo #Laredo #NLD #Tamaulipas<\/p>\n\n\n\n<p>El Gobierno Municipal y la Secretar\u00eda de la Defensa Nacional (SEDENA), autoridades municipales, estatales y federales, as\u00ed como militares y consulares, se reunieron en las instalaciones del Regimiento de Caballer\u00eda Motorizada para conmemorar el 177 aniversario de la Gesta Her\u00f3ica de los Ni\u00f1os H\u00e9roes.<\/p>\n\n\n\n<p>La presidenta municipal, junto al comandante Jos\u00e9 Antonio Hern\u00e1ndez Mac\u00edas, colocaron una ofrenda floral y realizaron una guardia de honor en el monumento a los Ni\u00f1os H\u00e9roes construido dentro del cuartel, donde por primera vez, se llev\u00f3 a cabo esta ceremonia en el nuevo recinto militar.<\/p>\n\n\n\n<p>La alcaldesa Carmen Lilia Canturosas Villarreal destac\u00f3 que el sacrificio de los Ni\u00f1os H\u00e9roes es un reflejo del esp\u00edritu que caracteriza a todos los mexicanos: un amor profundo por nuestra tierra y una determinaci\u00f3n inquebrantable para defenderla.<\/p>\n\n\n\n<p>\u201cEste patriotismo no solo vive en nuestros h\u00e9roes del pasado; tambi\u00e9n est\u00e1 presente en cada persona que, desde su trinchera, trabaja con empe\u00f1o y dedicaci\u00f3n para construir un M\u00e9xico m\u00e1s justo y pr\u00f3spero\u201d, manifest\u00f3.<\/p>\n\n\n\n<p>Recalc\u00f3 que ceremonias como esta, no solo dan remembranza de los heroicos actos del pasado, sino que tambi\u00e9n nos invitan a reflexionar sobre la grandeza de nuestra gente y el deber que tenemos de honrar nuestro legado, y que los Ni\u00f1os H\u00e9roes son un ejemplo que fortalece el sentido de identidad e inspiran a mantener vivo el esp\u00edritu de lucha y uni\u00f3n.<\/p>\n\n\n\n<p>\u201cPara los neolaredenses, estos momentos refuerzan nuestro patriotismo y nos recuerdan que, as\u00ed como aquellos j\u00f3venes defendieron a su pa\u00eds, nosotros tambi\u00e9n podemos contribuir al bienestar de nuestra comunidad y de nuestra patria\u201d, se\u00f1al\u00f3.<\/p>\n\n\n\n<p>Durante la ceremonia, el estudiante Juan de Dios Rivera V\u00e1zquez, brind\u00f3 un emotivo mensaje alusivo a esta fecha hist\u00f3rica.<\/p>\n\n\n\n<p>Adem\u00e1s, como parte de las tradiciones de la ceremonia, se pas\u00f3 lista a los seis j\u00f3venes cadetes del Heroico Colegio Militar y que perecieron en la batalla del castillo de Chapultepec: Juan de la Barrera, Vicente Su\u00e1rez, Francisco M\u00e1rquez, Agust\u00edn Melgar, Fernando Montes de Oca y Juan Escutia.<\/p>\n\n\n\n<p>En el evento tambi\u00e9n acudieron estudiantes del Instituto Cultural Educativo de Nuevo Laredo.<\/p>\n","protected":false},"excerpt":{"rendered":"<p>Por: Staff | #NuevoLaredo #Laredo #NLD #Tamaulipas El Gobierno Municipal y la Secretar\u00eda de la Defensa Nacional (SEDENA), autoridades municipales, estatales y federales, as\u00ed como militares y consulares, se reunieron en las instalaciones del Regimiento de Caballer\u00eda Motorizada para conmemorar el 177 aniversario de la Gesta Her\u00f3ica de los Ni\u00f1os H\u00e9roes. La presidenta municipal, junto &hellip;<\/p>\n","protected":false},"author":1,"featured_media":10387,"comment_status":"open","ping_status":"open","sticky":false,"template":"","format":"standard","meta":{"footnotes":""},"categories":[38],"tags":[],"class_list":["post-10385","post","type-post","status-publish","format-standard","has-post-thumbnail","","category-nuevo-laredo"],"_links":{"self":[{"href":"https:\/\/www.radiointeractivo.com.mx\/index.php?rest_route=\/wp\/v2\/posts\/10385","targetHints":{"allow":["GET"]}}],"collection":[{"href":"https:\/\/www.radiointeractivo.com.mx\/index.php?rest_route=\/wp\/v2\/posts"}],"about":[{"href":"https:\/\/www.radiointeractivo.com.mx\/index.php?rest_route=\/wp\/v2\/types\/post"}],"author":[{"embeddable":true,"href":"https:\/\/www.radiointeractivo.com.mx\/index.php?rest_route=\/wp\/v2\/users\/1"}],"replies":[{"embeddable":true,"href":"https:\/\/www.radiointeractivo.com.mx\/index.php?rest_route=%2Fwp%2Fv2%2Fcomments&post=10385"}],"version-history":[{"count":1,"href":"https:\/\/www.radiointeractivo.com.mx\/index.php?rest_route=\/wp\/v2\/posts\/10385\/revisions"}],"predecessor-version":[{"id":10388,"href":"https:\/\/www.radiointeractivo.com.mx\/index.php?rest_route=\/wp\/v2\/posts\/10385\/revisions\/10388"}],"wp:featuredmedia":[{"embeddable":true,"href":"https:\/\/www.radiointeractivo.com.mx\/index.php?rest_route=\/wp\/v2\/media\/10387"}],"wp:attachment":[{"href":"https:\/\/www.radiointeractivo.com.mx\/index.php?rest_route=%2Fwp%2Fv2%2Fmedia&parent=10385"}],"wp:term":[{"taxonomy":"category","embeddable":true,"href":"https:\/\/www.radiointeractivo.com.mx\/index.php?rest_route=%2Fwp%2Fv2%2Fcategories&post=10385"},{"taxonomy":"post_tag","embeddable":true,"href":"https:\/\/www.radiointeractivo.com.mx\/index.php?rest_route=%2Fwp%2Fv2%2Ftags&post=10385"}],"curies":[{"name":"wp","href":"https:\/\/api.w.org\/{rel}","templated":true}]}}