{"id":10340,"date":"2024-09-12T17:10:50","date_gmt":"2024-09-12T22:10:50","guid":{"rendered":"https:\/\/www.radiointeractivo.com.mx\/?p=10340"},"modified":"2024-09-12T17:10:51","modified_gmt":"2024-09-12T22:10:51","slug":"invita-gobierno-municipal-a-tercera-feria-del-empleo","status":"publish","type":"post","link":"https:\/\/www.radiointeractivo.com.mx\/?p=10340","title":{"rendered":"INVITA GOBIERNO MUNICIPAL A TERCERA FERIA DEL EMPLEO"},"content":{"rendered":"\n<figure class=\"wp-block-image size-large\"><img loading=\"lazy\" decoding=\"async\" width=\"791\" height=\"1024\" src=\"https:\/\/www.radiointeractivo.com.mx\/wp-content\/uploads\/2024\/09\/WhatsApp-Image-2024-09-12-at-11.07.20-AM-791x1024.jpeg\" alt=\"\" class=\"wp-image-10341\" srcset=\"https:\/\/www.radiointeractivo.com.mx\/wp-content\/uploads\/2024\/09\/WhatsApp-Image-2024-09-12-at-11.07.20-AM-791x1024.jpeg 791w, https:\/\/www.radiointeractivo.com.mx\/wp-content\/uploads\/2024\/09\/WhatsApp-Image-2024-09-12-at-11.07.20-AM-232x300.jpeg 232w, https:\/\/www.radiointeractivo.com.mx\/wp-content\/uploads\/2024\/09\/WhatsApp-Image-2024-09-12-at-11.07.20-AM-768x994.jpeg 768w, https:\/\/www.radiointeractivo.com.mx\/wp-content\/uploads\/2024\/09\/WhatsApp-Image-2024-09-12-at-11.07.20-AM.jpeg 918w\" sizes=\"auto, (max-width: 791px) 100vw, 791px\" \/><\/figure>\n\n\n\n<p>Por: Staff | #NuevoLaredo #Laredo #NLD #Tamaulipas<\/p>\n\n\n\n<p>El Gobierno Municipal invita a la ciudadan\u00eda a la Tercera Feria del Empleo que se realizar\u00e1 en el Centro C\u00edvico \u201cCarlos E. Cant\u00fa Rosas\u201d este mi\u00e9rcoles 25 de septiembre en horario de las 9:00 AM a las 2:00 PM.<\/p>\n\n\n\n<p>Habr\u00e1 representantes de diversas empresas del ramo maquilador, de servicios, comerciales, seguridad, transportistas, agencias aduanales ofertando vacantes para que las personas puedan ser contratadas y acceder a sueldos dignos y mejor calidad de vida para \u00e9l y su familia.<\/p>\n","protected":false},"excerpt":{"rendered":"<p>Por: Staff | #NuevoLaredo #Laredo #NLD #Tamaulipas El Gobierno Municipal invita a la ciudadan\u00eda a la Tercera Feria del Empleo que se realizar\u00e1 en el Centro C\u00edvico \u201cCarlos E. Cant\u00fa Rosas\u201d este mi\u00e9rcoles 25 de septiembre en horario de las 9:00 AM a las 2:00 PM. Habr\u00e1 representantes de diversas empresas del ramo maquilador, de &hellip;<\/p>\n","protected":false},"author":1,"featured_media":10341,"comment_status":"open","ping_status":"open","sticky":false,"template":"","format":"standard","meta":{"footnotes":""},"categories":[38],"tags":[],"class_list":["post-10340","post","type-post","status-publish","format-standard","has-post-thumbnail","","category-nuevo-laredo"],"_links":{"self":[{"href":"https:\/\/www.radiointeractivo.com.mx\/index.php?rest_route=\/wp\/v2\/posts\/10340","targetHints":{"allow":["GET"]}}],"collection":[{"href":"https:\/\/www.radiointeractivo.com.mx\/index.php?rest_route=\/wp\/v2\/posts"}],"about":[{"href":"https:\/\/www.radiointeractivo.com.mx\/index.php?rest_route=\/wp\/v2\/types\/post"}],"author":[{"embeddable":true,"href":"https:\/\/www.radiointeractivo.com.mx\/index.php?rest_route=\/wp\/v2\/users\/1"}],"replies":[{"embeddable":true,"href":"https:\/\/www.radiointeractivo.com.mx\/index.php?rest_route=%2Fwp%2Fv2%2Fcomments&post=10340"}],"version-history":[{"count":1,"href":"https:\/\/www.radiointeractivo.com.mx\/index.php?rest_route=\/wp\/v2\/posts\/10340\/revisions"}],"predecessor-version":[{"id":10342,"href":"https:\/\/www.radiointeractivo.com.mx\/index.php?rest_route=\/wp\/v2\/posts\/10340\/revisions\/10342"}],"wp:featuredmedia":[{"embeddable":true,"href":"https:\/\/www.radiointeractivo.com.mx\/index.php?rest_route=\/wp\/v2\/media\/10341"}],"wp:attachment":[{"href":"https:\/\/www.radiointeractivo.com.mx\/index.php?rest_route=%2Fwp%2Fv2%2Fmedia&parent=10340"}],"wp:term":[{"taxonomy":"category","embeddable":true,"href":"https:\/\/www.radiointeractivo.com.mx\/index.php?rest_route=%2Fwp%2Fv2%2Fcategories&post=10340"},{"taxonomy":"post_tag","embeddable":true,"href":"https:\/\/www.radiointeractivo.com.mx\/index.php?rest_route=%2Fwp%2Fv2%2Ftags&post=10340"}],"curies":[{"name":"wp","href":"https:\/\/api.w.org\/{rel}","templated":true}]}}