{"id":1029,"date":"2023-09-01T20:25:08","date_gmt":"2023-09-01T20:25:08","guid":{"rendered":"https:\/\/www.radiointeractivo.com.mx\/?p=1029"},"modified":"2023-09-01T20:25:09","modified_gmt":"2023-09-01T20:25:09","slug":"aplica-secretaria-general-de-gobierno-examenes-a-profesionales-del-derecho-para-la-comision-estatal-de-victimas","status":"publish","type":"post","link":"https:\/\/www.radiointeractivo.com.mx\/?p=1029","title":{"rendered":"Aplica Secretar\u00eda General de Gobierno, ex\u00e1menes a profesionales del derecho para la Comisi\u00f3n Estatal de V\u00edctimas"},"content":{"rendered":"\n<p>Por: Agencias<\/p>\n\n\n\n<p>Ciudad Victoria, Tamaulipas. &#8211; La secretar\u00eda General de Gobierno, a trav\u00e9s de la Comisi\u00f3n Estatal de Atenci\u00f3n a V\u00edctimas, llev\u00f3 a cabo la aplicaci\u00f3n del examen a profesionistas que se integrar\u00e1n al equipo de asesores jur\u00eddicos de esta dependencia, el cual tuvo lugar en las instalaciones del Centro de Excelencia de la Universidad Aut\u00f3noma de Tamaulipas.<\/p>\n\n\n\n<p>Al dar la bienvenida a los 100 participantes a este examen, el subsecretario de Legalidad y Servicios Gubernamentales, Jorge Luis Beas G\u00e1mez explic\u00f3 que esta evaluaci\u00f3n, la cual consta de 25 reactivos, es el primer paso para conformar un equipo de abogados para la defensor\u00eda de las personas que se acercan a solicitar apoyo a la Comisi\u00f3n de V\u00edctimas, tal y como lo ha instruido el gobernador de Tamaulipas.<\/p>\n\n\n\n<p>\u201cEl gobernador Am\u00e9rico Villarreal Anaya, ha solicitado de manera directa que se atiendan puntualmente las necesidades de las personas involucradas en un proceso penal\u201d, destac\u00f3 el subsecretario de Legalidad y Servicios Gubernamentales de Tamaulipas.<\/p>\n\n\n\n<p>\u201cNecesitamos en el Gobierno del Estado, en la Secretar\u00eda General y se requieren en la Comisi\u00f3n Estatal de V\u00edctimas, personas comprometidas con la defensa de los derechos humanos, profesionistas que venga a atender y a vincularse con el proceso penal y la protecci\u00f3n de la gente que se ve involucrada en hechos delictivos\u201d, expuso Beas G\u00e1mez.<\/p>\n\n\n\n<p>Agreg\u00f3 que con base a ello y por indicaciones tambi\u00e9n del secretario general de Gobierno, H\u00e9ctor Joel Villegas Gonz\u00e1lez, se realiz\u00f3 la convocatoria que permitiera a un grupo de abogadas y abogados vinculados al derecho penal, participar para poder acceder a ser defensores o asesores jur\u00eddicos y poder acompa\u00f1ar a la v\u00edctima, desde el inicio de la conducta delictiva o del hecho delictivo, hasta la reparaci\u00f3n o atenci\u00f3n de todos y cada uno de sus derechos afectados.<\/p>\n\n\n\n<p>\u201cEs la oportunidad que tenemos desde el Gobierno del Estado, de allegarnos de personal calificado que participe en la formaci\u00f3n de una base de abogados que se encuentra en desarrollo\u201d, mencion\u00f3 el funcionario estatal.<\/p>\n\n\n\n<p>Luego de agradecer a los asistentes por haber atendido el llamado en esta primera etapa, Jorge Luis Beas, explic\u00f3 que en caso de no ser seleccionados podr\u00e1n tener una nueva oportunidad en fechas pr\u00f3ximas ya que el objetivo indic\u00f3, es integrar paulatinamente un equipo de hasta 200 asesores jur\u00eddicos o abogados defensores de los derechos humanos en Tamaulipas.<\/p>\n\n\n\n<p>El subsecretario Beas G\u00e1mez, estuvo acompa\u00f1ado por Enrique Garza T\u00e1mez, coordinador de asesores de la Secretar\u00eda General de Gobierno y por Lorena Perales Salinas, Comisionada Estatal de Atenci\u00f3n a V\u00edctimas en Tamaulipas.<\/p>\n","protected":false},"excerpt":{"rendered":"<p>Por: Agencias Ciudad Victoria, Tamaulipas. &#8211; La secretar\u00eda General de Gobierno, a trav\u00e9s de la Comisi\u00f3n Estatal de Atenci\u00f3n a V\u00edctimas, llev\u00f3 a cabo la aplicaci\u00f3n del examen a profesionistas que se integrar\u00e1n al equipo de asesores jur\u00eddicos de esta dependencia, el cual tuvo lugar en las instalaciones del Centro de Excelencia de la Universidad &hellip;<\/p>\n","protected":false},"author":1,"featured_media":1030,"comment_status":"open","ping_status":"open","sticky":false,"template":"","format":"standard","meta":{"footnotes":""},"categories":[39],"tags":[],"class_list":["post-1029","post","type-post","status-publish","format-standard","has-post-thumbnail","","category-tamaulipas"],"_links":{"self":[{"href":"https:\/\/www.radiointeractivo.com.mx\/index.php?rest_route=\/wp\/v2\/posts\/1029","targetHints":{"allow":["GET"]}}],"collection":[{"href":"https:\/\/www.radiointeractivo.com.mx\/index.php?rest_route=\/wp\/v2\/posts"}],"about":[{"href":"https:\/\/www.radiointeractivo.com.mx\/index.php?rest_route=\/wp\/v2\/types\/post"}],"author":[{"embeddable":true,"href":"https:\/\/www.radiointeractivo.com.mx\/index.php?rest_route=\/wp\/v2\/users\/1"}],"replies":[{"embeddable":true,"href":"https:\/\/www.radiointeractivo.com.mx\/index.php?rest_route=%2Fwp%2Fv2%2Fcomments&post=1029"}],"version-history":[{"count":1,"href":"https:\/\/www.radiointeractivo.com.mx\/index.php?rest_route=\/wp\/v2\/posts\/1029\/revisions"}],"predecessor-version":[{"id":1031,"href":"https:\/\/www.radiointeractivo.com.mx\/index.php?rest_route=\/wp\/v2\/posts\/1029\/revisions\/1031"}],"wp:featuredmedia":[{"embeddable":true,"href":"https:\/\/www.radiointeractivo.com.mx\/index.php?rest_route=\/wp\/v2\/media\/1030"}],"wp:attachment":[{"href":"https:\/\/www.radiointeractivo.com.mx\/index.php?rest_route=%2Fwp%2Fv2%2Fmedia&parent=1029"}],"wp:term":[{"taxonomy":"category","embeddable":true,"href":"https:\/\/www.radiointeractivo.com.mx\/index.php?rest_route=%2Fwp%2Fv2%2Fcategories&post=1029"},{"taxonomy":"post_tag","embeddable":true,"href":"https:\/\/www.radiointeractivo.com.mx\/index.php?rest_route=%2Fwp%2Fv2%2Ftags&post=1029"}],"curies":[{"name":"wp","href":"https:\/\/api.w.org\/{rel}","templated":true}]}}