{"id":10272,"date":"2024-09-08T18:10:38","date_gmt":"2024-09-08T23:10:38","guid":{"rendered":"https:\/\/www.radiointeractivo.com.mx\/?p=10272"},"modified":"2024-09-08T18:10:39","modified_gmt":"2024-09-08T23:10:39","slug":"reconocen-a-nivel-nacional-labor-del-gobierno-municipal-en-favor-de-personas-con-problemas-auditivos","status":"publish","type":"post","link":"https:\/\/www.radiointeractivo.com.mx\/?p=10272","title":{"rendered":"RECONOCEN A NIVEL NACIONAL LABOR DEL GOBIERNO MUNICIPAL EN FAVOR DE PERSONAS CON PROBLEMAS AUDITIVOS"},"content":{"rendered":"\n<figure class=\"wp-block-image size-large\"><img loading=\"lazy\" decoding=\"async\" width=\"1024\" height=\"826\" src=\"https:\/\/www.radiointeractivo.com.mx\/wp-content\/uploads\/2024\/09\/WhatsApp-Image-2024-09-08-at-1.23.42-PM-2-1024x826.jpeg\" alt=\"\" class=\"wp-image-10273\" srcset=\"https:\/\/www.radiointeractivo.com.mx\/wp-content\/uploads\/2024\/09\/WhatsApp-Image-2024-09-08-at-1.23.42-PM-2-1024x826.jpeg 1024w, https:\/\/www.radiointeractivo.com.mx\/wp-content\/uploads\/2024\/09\/WhatsApp-Image-2024-09-08-at-1.23.42-PM-2-300x242.jpeg 300w, https:\/\/www.radiointeractivo.com.mx\/wp-content\/uploads\/2024\/09\/WhatsApp-Image-2024-09-08-at-1.23.42-PM-2-768x619.jpeg 768w, https:\/\/www.radiointeractivo.com.mx\/wp-content\/uploads\/2024\/09\/WhatsApp-Image-2024-09-08-at-1.23.42-PM-2-1536x1238.jpeg 1536w, https:\/\/www.radiointeractivo.com.mx\/wp-content\/uploads\/2024\/09\/WhatsApp-Image-2024-09-08-at-1.23.42-PM-2.jpeg 1600w\" sizes=\"auto, (max-width: 1024px) 100vw, 1024px\" \/><\/figure>\n\n\n\n<p>Por: Staff | #NuevoLaredo #Laredo #NLD #Tamaulipas<\/p>\n\n\n\n<p>La Federaci\u00f3n M\u00e9dica Mexicana de Audiolog\u00eda, Otoneurolog\u00eda y Foniatr\u00eda reconoci\u00f3 la labor que realiza el Gobierno Municipal de Nuevo Laredo al ser el \u00fanico en todo el pa\u00eds en realizar gratuitamente ex\u00e1menes para detectar posibles anomal\u00edas en la audici\u00f3n o el procesamiento auditivo.<\/p>\n\n\n\n<p>Durante el Primer Congreso de esta asociaci\u00f3n, realizado en la Ciudad de M\u00e9xico, se cont\u00f3 con la participaci\u00f3n de la doctora Lilia Arjona Barocio, secretaria de Bienestar, quien expuso las pol\u00edticas p\u00fablicas de salud espec\u00edficamente con el tema de los Potenciales Evocados Auditivos (PEA) realizadas por esta administraci\u00f3n municipal.<\/p>\n\n\n\n<p>\u201cPor indicaciones de nuestra presidenta municipal, Carmen Lilia Canturosas Villarreal, la salud es un tema prioritario de esta administraci\u00f3n, por ello hemos aplicado pol\u00edticas sanitarias enfocadas a llevar la salud a todos los rincones y beneficiar, sobre todo, a los que menos tienen\u201d, se\u00f1al\u00f3 Arjona.<\/p>\n\n\n\n<p>El programa PEA se refiere a un tipo de estudio neurol\u00f3gico que mide la respuesta el\u00e9ctrica del cerebro ante est\u00edmulos auditivos. Su objetivo es evaluar el funcionamiento del nervio auditivo y sus v\u00edas en el tronco encef\u00e1lico y detectar posibles anomal\u00edas en la audici\u00f3n o en su procesamiento.<\/p>\n\n\n\n<p>Este estudio PEA que se realiza \u00fanicamente en la Cl\u00ednica UNE Carlos Cant\u00fa Rosas (Colonia Nueva Era), inicia a partir de marzo de este 2024 y hasta el momento ha beneficiado a 22 personas.<\/p>\n\n\n\n<p>El procedimiento consiste en colocar electrodos en el cuero cabelludo y los l\u00f3bulos de las orejas del paciente, que luego escucha sonidos a trav\u00e9s de aud\u00edfonos.<\/p>\n\n\n\n<p>Los electrodos registran las respuestas el\u00e9ctricas generadas por el cerebro al procesar estos sonidos. Las ondas el\u00e9ctricas resultantes se analizan para identificar si hay problemas en la audici\u00f3n, el nervio auditivo o las estructuras del cerebro relacionadas con el o\u00eddo.<\/p>\n\n\n\n<p>El PEA es \u00fatil en el diagn\u00f3stico de condiciones como:<\/p>\n\n\n\n<p>Sordera neurosensorial.<\/p>\n\n\n\n<p>Neurinoma del ac\u00fastico (tumores del nervio auditivo).<\/p>\n\n\n\n<p>Esclerosis m\u00faltiple.<\/p>\n\n\n\n<p>Evaluaci\u00f3n de la funci\u00f3n auditiva en reci\u00e9n nacidos o pacientes que no pueden cooperar con otros tipos de ex\u00e1menes auditivos.<\/p>\n\n\n\n<p>Es una prueba no invasiva y segura, utilizada tanto en ni\u00f1os como en adultos.<\/p>\n","protected":false},"excerpt":{"rendered":"<p>Por: Staff | #NuevoLaredo #Laredo #NLD #Tamaulipas La Federaci\u00f3n M\u00e9dica Mexicana de Audiolog\u00eda, Otoneurolog\u00eda y Foniatr\u00eda reconoci\u00f3 la labor que realiza el Gobierno Municipal de Nuevo Laredo al ser el \u00fanico en todo el pa\u00eds en realizar gratuitamente ex\u00e1menes para detectar posibles anomal\u00edas en la audici\u00f3n o el procesamiento auditivo. Durante el Primer Congreso de &hellip;<\/p>\n","protected":false},"author":1,"featured_media":10274,"comment_status":"open","ping_status":"open","sticky":false,"template":"","format":"standard","meta":{"footnotes":""},"categories":[38],"tags":[],"class_list":["post-10272","post","type-post","status-publish","format-standard","has-post-thumbnail","","category-nuevo-laredo"],"_links":{"self":[{"href":"https:\/\/www.radiointeractivo.com.mx\/index.php?rest_route=\/wp\/v2\/posts\/10272","targetHints":{"allow":["GET"]}}],"collection":[{"href":"https:\/\/www.radiointeractivo.com.mx\/index.php?rest_route=\/wp\/v2\/posts"}],"about":[{"href":"https:\/\/www.radiointeractivo.com.mx\/index.php?rest_route=\/wp\/v2\/types\/post"}],"author":[{"embeddable":true,"href":"https:\/\/www.radiointeractivo.com.mx\/index.php?rest_route=\/wp\/v2\/users\/1"}],"replies":[{"embeddable":true,"href":"https:\/\/www.radiointeractivo.com.mx\/index.php?rest_route=%2Fwp%2Fv2%2Fcomments&post=10272"}],"version-history":[{"count":1,"href":"https:\/\/www.radiointeractivo.com.mx\/index.php?rest_route=\/wp\/v2\/posts\/10272\/revisions"}],"predecessor-version":[{"id":10275,"href":"https:\/\/www.radiointeractivo.com.mx\/index.php?rest_route=\/wp\/v2\/posts\/10272\/revisions\/10275"}],"wp:featuredmedia":[{"embeddable":true,"href":"https:\/\/www.radiointeractivo.com.mx\/index.php?rest_route=\/wp\/v2\/media\/10274"}],"wp:attachment":[{"href":"https:\/\/www.radiointeractivo.com.mx\/index.php?rest_route=%2Fwp%2Fv2%2Fmedia&parent=10272"}],"wp:term":[{"taxonomy":"category","embeddable":true,"href":"https:\/\/www.radiointeractivo.com.mx\/index.php?rest_route=%2Fwp%2Fv2%2Fcategories&post=10272"},{"taxonomy":"post_tag","embeddable":true,"href":"https:\/\/www.radiointeractivo.com.mx\/index.php?rest_route=%2Fwp%2Fv2%2Ftags&post=10272"}],"curies":[{"name":"wp","href":"https:\/\/api.w.org\/{rel}","templated":true}]}}