{"id":1026,"date":"2023-09-01T20:24:13","date_gmt":"2023-09-01T20:24:13","guid":{"rendered":"https:\/\/www.radiointeractivo.com.mx\/?p=1026"},"modified":"2023-09-01T20:24:14","modified_gmt":"2023-09-01T20:24:14","slug":"secretaria-del-trabajo-e-itace-firman-convenio-para-capacitar-a-operadores-de-camion-quinta-rueda","status":"publish","type":"post","link":"https:\/\/www.radiointeractivo.com.mx\/?p=1026","title":{"rendered":"Secretar\u00eda del Trabajo e ITACE firman convenio para capacitar a operadores de cami\u00f3n quinta rueda"},"content":{"rendered":"\n<p>-Un paso adelante para que m\u00e1s personas reciban competencias y certificados laborales: Olga Sosa Ru\u00edz<\/p>\n\n\n\n<p>Por: Agencias<\/p>\n\n\n\n<p>Ciudad Victoria, Tamaulipas.- El gobierno de Am\u00e9rico Villarreal Anaya a trav\u00e9s de la firma de un convenio entre la Secretar\u00eda del Trabajo y el Instituto Tamaulipeco de Capacitaci\u00f3n para el Empleo, capacitar\u00e1 a personas con inter\u00e9s en conducir tractocamiones de quinta rueda y atender una demanda del sector productivo de la frontera y del sur de Tamaulipas; el convenio firmado por la secretaria, Olga Sosa Ru\u00edz y la directora, Claudia Anaya Alvarado, generar\u00e1 oportunidades de empleo digno.<\/p>\n\n\n\n<p>&#8220;El gobierno de Am\u00e9rico Villarreal Anaya a trav\u00e9s de la Secretar\u00eda del Trabajo es receptivo de las necesidades econ\u00f3micas y de mano de obra calificada, para impulsar el crecimiento con bienestar de Tamaulipas, por eso esta firma de convenio significa dar un paso adelante en el camino de los hechos y los resultados&#8221; dijo la secretaria del Trabajo, Olga Sosa Ru\u00edz.<\/p>\n\n\n\n<p>Precis\u00f3 que la firma del convenio atiende una demanda com\u00fan y hoy se dan soluciones, pues anteriormente se posterg\u00f3 la atenci\u00f3n por falta de visi\u00f3n y de desarrollo integral. La funcionaria destac\u00f3 que el curso del manejo de tractocami\u00f3n de quinta rueda, es una evidencia de la estrecha coordinaci\u00f3n que se tiene con el ITACE.<\/p>\n\n\n\n<p>Por su parte la directora general del ITACE, Claudia Anaya, agradeci\u00f3 la disponibilidad de la Secretar\u00eda del Trabajo para hacer esta alianza que dar\u00e1 resultados muy productivos, en la formaci\u00f3n de nuevos operadores de tractocamiones, una necesidad que tiene varios a\u00f1os pero que en este gobierno humanista, ser\u00e1 atendida.<\/p>\n\n\n\n<p>Olga Sosa Ru\u00edz se refiri\u00f3 a que por la ubicaci\u00f3n geogr\u00e1fica de Tamaulipas, hay frontera y puertos en Matamoros as\u00ed como en Altamira, donde llegan productos y mercanc\u00edas de diversas partes del mundo, mismas que requieren ser trasladadas a su destino final a trav\u00e9s de operadores de tractocamiones que actualmente presentan un d\u00e9ficit, por eso la urgencia de la industria del transporte de carga, que se ver\u00e1 beneficiada con estos cursos de capacitaci\u00f3n para tener m\u00e1s operadores disponibles.<\/p>\n\n\n\n<p>La secretaria del Trabajo en Tamaulipas, precis\u00f3 que con la firma del convenio se sigue haciendo historia, pues todas y todos, ayudan a transformar vidas.<\/p>\n\n\n\n<p>Los testigos firmantes fueron Abelardo Flores Mendoza, subsecretario de Empleo y Previsi\u00f3n Social; Marina Patricia Garza, coordinadora estatal de CEFOT (Centro de Formaci\u00f3n para el Trabajo) y el director del plantel Victoria, Jos\u00e9 Antonio Hern\u00e1ndez Barrera, quienes formalizaron este evento, para dar paso al programa de capacitaci\u00f3n &#8220;Formador de Operadores&#8221;.<\/p>\n","protected":false},"excerpt":{"rendered":"<p>-Un paso adelante para que m\u00e1s personas reciban competencias y certificados laborales: Olga Sosa Ru\u00edz Por: Agencias Ciudad Victoria, Tamaulipas.- El gobierno de Am\u00e9rico Villarreal Anaya a trav\u00e9s de la firma de un convenio entre la Secretar\u00eda del Trabajo y el Instituto Tamaulipeco de Capacitaci\u00f3n para el Empleo, capacitar\u00e1 a personas con inter\u00e9s en conducir &hellip;<\/p>\n","protected":false},"author":1,"featured_media":1027,"comment_status":"open","ping_status":"open","sticky":false,"template":"","format":"standard","meta":{"footnotes":""},"categories":[39],"tags":[],"class_list":["post-1026","post","type-post","status-publish","format-standard","has-post-thumbnail","","category-tamaulipas"],"_links":{"self":[{"href":"https:\/\/www.radiointeractivo.com.mx\/index.php?rest_route=\/wp\/v2\/posts\/1026","targetHints":{"allow":["GET"]}}],"collection":[{"href":"https:\/\/www.radiointeractivo.com.mx\/index.php?rest_route=\/wp\/v2\/posts"}],"about":[{"href":"https:\/\/www.radiointeractivo.com.mx\/index.php?rest_route=\/wp\/v2\/types\/post"}],"author":[{"embeddable":true,"href":"https:\/\/www.radiointeractivo.com.mx\/index.php?rest_route=\/wp\/v2\/users\/1"}],"replies":[{"embeddable":true,"href":"https:\/\/www.radiointeractivo.com.mx\/index.php?rest_route=%2Fwp%2Fv2%2Fcomments&post=1026"}],"version-history":[{"count":1,"href":"https:\/\/www.radiointeractivo.com.mx\/index.php?rest_route=\/wp\/v2\/posts\/1026\/revisions"}],"predecessor-version":[{"id":1028,"href":"https:\/\/www.radiointeractivo.com.mx\/index.php?rest_route=\/wp\/v2\/posts\/1026\/revisions\/1028"}],"wp:featuredmedia":[{"embeddable":true,"href":"https:\/\/www.radiointeractivo.com.mx\/index.php?rest_route=\/wp\/v2\/media\/1027"}],"wp:attachment":[{"href":"https:\/\/www.radiointeractivo.com.mx\/index.php?rest_route=%2Fwp%2Fv2%2Fmedia&parent=1026"}],"wp:term":[{"taxonomy":"category","embeddable":true,"href":"https:\/\/www.radiointeractivo.com.mx\/index.php?rest_route=%2Fwp%2Fv2%2Fcategories&post=1026"},{"taxonomy":"post_tag","embeddable":true,"href":"https:\/\/www.radiointeractivo.com.mx\/index.php?rest_route=%2Fwp%2Fv2%2Ftags&post=1026"}],"curies":[{"name":"wp","href":"https:\/\/api.w.org\/{rel}","templated":true}]}}