{"id":10252,"date":"2024-09-06T15:51:21","date_gmt":"2024-09-06T20:51:21","guid":{"rendered":"https:\/\/www.radiointeractivo.com.mx\/?p=10252"},"modified":"2024-09-06T15:51:22","modified_gmt":"2024-09-06T20:51:22","slug":"gobierno-municipal-concientiza-a-estudiantes-y-empresas-sobre-el-cuidado-del-medio-ambiente","status":"publish","type":"post","link":"https:\/\/www.radiointeractivo.com.mx\/?p=10252","title":{"rendered":"GOBIERNO MUNICIPAL CONCIENTIZA A ESTUDIANTES Y EMPRESAS SOBRE EL CUIDADO DEL MEDIO AMBIENTE"},"content":{"rendered":"\n<figure class=\"wp-block-image size-large\"><img loading=\"lazy\" decoding=\"async\" width=\"1024\" height=\"484\" src=\"https:\/\/www.radiointeractivo.com.mx\/wp-content\/uploads\/2024\/09\/WhatsApp-Image-2024-09-06-at-11.39.28-AM-1024x484.jpeg\" alt=\"\" class=\"wp-image-10253\" srcset=\"https:\/\/www.radiointeractivo.com.mx\/wp-content\/uploads\/2024\/09\/WhatsApp-Image-2024-09-06-at-11.39.28-AM-1024x484.jpeg 1024w, https:\/\/www.radiointeractivo.com.mx\/wp-content\/uploads\/2024\/09\/WhatsApp-Image-2024-09-06-at-11.39.28-AM-300x142.jpeg 300w, https:\/\/www.radiointeractivo.com.mx\/wp-content\/uploads\/2024\/09\/WhatsApp-Image-2024-09-06-at-11.39.28-AM-768x363.jpeg 768w, https:\/\/www.radiointeractivo.com.mx\/wp-content\/uploads\/2024\/09\/WhatsApp-Image-2024-09-06-at-11.39.28-AM-1536x727.jpeg 1536w, https:\/\/www.radiointeractivo.com.mx\/wp-content\/uploads\/2024\/09\/WhatsApp-Image-2024-09-06-at-11.39.28-AM.jpeg 1600w\" sizes=\"auto, (max-width: 1024px) 100vw, 1024px\" \/><\/figure>\n\n\n\n<p>Por: Staff | #NuevoLaredo #Laredo #NLD #Tamaulipas<\/p>\n\n\n\n<p>El Gobierno Municipal promueve la educaci\u00f3n ambiental por medio de pl\u00e1ticas en escuelas de educaci\u00f3n b\u00e1sica y empresas con el objetivo de concientizar a estudiantes y trabajadores sobre la importancia del cuidado del medio ambiente.<\/p>\n\n\n\n<p>Hasta ahora la direcci\u00f3n de Medio Ambiente ha visitado 131 escuelas, logrando captar a 4 mil 990 alumnos. Mientras que en 53 empresas se han impartido estas pl\u00e1ticas a 2 mil 713 trabajadores.<\/p>\n\n\n\n<p>\u201cBuscamos fomentar una cultura de responsabilidad ambiental desde temprana edad y en el \u00e1mbito laboral, contribuyendo as\u00ed al desarrollo sostenible de la comunidad\u201d, dijo Leonardo Saucedo Quirarte, encargado del Despacho de la direcci\u00f3n de Medio Ambiente.<\/p>\n\n\n\n<p>Los temas que se han impartido en las escuelas son: preservaci\u00f3n de las abejas, cuidados del agua, reciclaje, \u00bfc\u00f3mo plantar un \u00e1rbol?, salud animal y lombricomposta.<\/p>\n\n\n\n<p>Mientras que en las empresas las pl\u00e1ticas que se brindan son: medio ambiente, concientizaci\u00f3n ambiental, cuidados del agua, beneficios de los \u00e1rboles regionales, sensibilizaci\u00f3n y concientizaci\u00f3n ambiental, reciclaje, cambio clim\u00e1tico, poda formativa, injertos y manejo de residuos.<\/p>\n\n\n\n<p>Para solicitar este programa de Educaci\u00f3n Ambiental, los interesados pueden comunicarse al 867 714 79 73.<\/p>\n","protected":false},"excerpt":{"rendered":"<p>Por: Staff | #NuevoLaredo #Laredo #NLD #Tamaulipas El Gobierno Municipal promueve la educaci\u00f3n ambiental por medio de pl\u00e1ticas en escuelas de educaci\u00f3n b\u00e1sica y empresas con el objetivo de concientizar a estudiantes y trabajadores sobre la importancia del cuidado del medio ambiente. Hasta ahora la direcci\u00f3n de Medio Ambiente ha visitado 131 escuelas, logrando captar &hellip;<\/p>\n","protected":false},"author":1,"featured_media":10254,"comment_status":"open","ping_status":"open","sticky":false,"template":"","format":"standard","meta":{"footnotes":""},"categories":[38],"tags":[],"class_list":["post-10252","post","type-post","status-publish","format-standard","has-post-thumbnail","","category-nuevo-laredo"],"_links":{"self":[{"href":"https:\/\/www.radiointeractivo.com.mx\/index.php?rest_route=\/wp\/v2\/posts\/10252","targetHints":{"allow":["GET"]}}],"collection":[{"href":"https:\/\/www.radiointeractivo.com.mx\/index.php?rest_route=\/wp\/v2\/posts"}],"about":[{"href":"https:\/\/www.radiointeractivo.com.mx\/index.php?rest_route=\/wp\/v2\/types\/post"}],"author":[{"embeddable":true,"href":"https:\/\/www.radiointeractivo.com.mx\/index.php?rest_route=\/wp\/v2\/users\/1"}],"replies":[{"embeddable":true,"href":"https:\/\/www.radiointeractivo.com.mx\/index.php?rest_route=%2Fwp%2Fv2%2Fcomments&post=10252"}],"version-history":[{"count":1,"href":"https:\/\/www.radiointeractivo.com.mx\/index.php?rest_route=\/wp\/v2\/posts\/10252\/revisions"}],"predecessor-version":[{"id":10255,"href":"https:\/\/www.radiointeractivo.com.mx\/index.php?rest_route=\/wp\/v2\/posts\/10252\/revisions\/10255"}],"wp:featuredmedia":[{"embeddable":true,"href":"https:\/\/www.radiointeractivo.com.mx\/index.php?rest_route=\/wp\/v2\/media\/10254"}],"wp:attachment":[{"href":"https:\/\/www.radiointeractivo.com.mx\/index.php?rest_route=%2Fwp%2Fv2%2Fmedia&parent=10252"}],"wp:term":[{"taxonomy":"category","embeddable":true,"href":"https:\/\/www.radiointeractivo.com.mx\/index.php?rest_route=%2Fwp%2Fv2%2Fcategories&post=10252"},{"taxonomy":"post_tag","embeddable":true,"href":"https:\/\/www.radiointeractivo.com.mx\/index.php?rest_route=%2Fwp%2Fv2%2Ftags&post=10252"}],"curies":[{"name":"wp","href":"https:\/\/api.w.org\/{rel}","templated":true}]}}