{"id":10175,"date":"2024-09-03T13:46:00","date_gmt":"2024-09-03T18:46:00","guid":{"rendered":"https:\/\/www.radiointeractivo.com.mx\/?p=10175"},"modified":"2024-09-03T13:46:03","modified_gmt":"2024-09-03T18:46:03","slug":"realizara-gobierno-municipal-bazar-une-edicion-fiestas-patrias","status":"publish","type":"post","link":"https:\/\/www.radiointeractivo.com.mx\/?p=10175","title":{"rendered":"REALIZAR\u00c1 GOBIERNO MUNICIPAL BAZAR UNE EDICI\u00d3N \u201cFIESTAS PATRIAS\u201d"},"content":{"rendered":"\n<figure class=\"wp-block-image size-large\"><img loading=\"lazy\" decoding=\"async\" width=\"1024\" height=\"682\" src=\"https:\/\/www.radiointeractivo.com.mx\/wp-content\/uploads\/2024\/09\/WhatsApp-Image-2024-09-03-at-11.26.05-AM-1024x682.jpeg\" alt=\"\" class=\"wp-image-10176\" srcset=\"https:\/\/www.radiointeractivo.com.mx\/wp-content\/uploads\/2024\/09\/WhatsApp-Image-2024-09-03-at-11.26.05-AM-1024x682.jpeg 1024w, https:\/\/www.radiointeractivo.com.mx\/wp-content\/uploads\/2024\/09\/WhatsApp-Image-2024-09-03-at-11.26.05-AM-300x200.jpeg 300w, https:\/\/www.radiointeractivo.com.mx\/wp-content\/uploads\/2024\/09\/WhatsApp-Image-2024-09-03-at-11.26.05-AM-768x512.jpeg 768w, https:\/\/www.radiointeractivo.com.mx\/wp-content\/uploads\/2024\/09\/WhatsApp-Image-2024-09-03-at-11.26.05-AM-310x205.jpeg 310w, https:\/\/www.radiointeractivo.com.mx\/wp-content\/uploads\/2024\/09\/WhatsApp-Image-2024-09-03-at-11.26.05-AM.jpeg 1280w\" sizes=\"auto, (max-width: 1024px) 100vw, 1024px\" \/><\/figure>\n\n\n\n<p>Por: Staff | #NuevoLaredo #Laredo #NLD #Tamaulipas<\/p>\n\n\n\n<p>Con motivo del mes patrio, el Gobierno Municipal llevar\u00e1 a cabo el Bazar UNE edici\u00f3n &#8220;Fiestas Patrias&#8221;, en el que 130 emprendedores expondr\u00e1n sus productos y servicios.<\/p>\n\n\n\n<p>Liliana Arjona Barocio, secretaria de Bienestar Social, inform\u00f3 que en esta edici\u00f3n especial habr\u00e1 actividades como loter\u00eda mexicana, bailables, mariachi, y la presentaci\u00f3n de un grupo norte\u00f1o, todo para crear un ambiente fiesta y divertido para los ciudadanos.<\/p>\n\n\n\n<p>\u201cEs la edici\u00f3n 39 de este bazar es una gran oportunidad para los nuevos negocios, y que se preparen los ciudadanos para este 15 de septiembre porque habr\u00e1 venta art\u00edculos de temporada\u201d, dijo la titular de la secretar\u00eda.<\/p>\n\n\n\n<p>Entre los productos y servicios que se ofrecer\u00e1n en este bazar, se incluir\u00e1n emprendimientos de comida, accesorios, ropa, calzado, joyer\u00eda, juguetes, blusas t\u00edpicas mexicanas, entre otros.<\/p>\n\n\n\n<p>Este evento se realizar\u00e1 el s\u00e1bado 14 de septiembre en la plaza Ignacio Zaragoza, ubicada frente a la Catedral del Esp\u00edritu Santo, en un horario de 6:00 de la tarde a 10:00 de la noche.<\/p>\n\n\n\n<p>El Bazar UNE tiene como prop\u00f3sito promover diversos negocios locales, proporcionando a los emprendedores oportunidades de desarrollo econ\u00f3mico.<\/p>\n\n\n\n<p>Tambi\u00e9n es un espacio para que los emprendedores expongan sus productos directamente a la ciudadan\u00eda, y para que potencialicen sus p\u00e1ginas en redes sociales, ayud\u00e1ndoles as\u00ed a incrementar sus ventas.<\/p>\n","protected":false},"excerpt":{"rendered":"<p>Por: Staff | #NuevoLaredo #Laredo #NLD #Tamaulipas Con motivo del mes patrio, el Gobierno Municipal llevar\u00e1 a cabo el Bazar UNE edici\u00f3n &#8220;Fiestas Patrias&#8221;, en el que 130 emprendedores expondr\u00e1n sus productos y servicios. Liliana Arjona Barocio, secretaria de Bienestar Social, inform\u00f3 que en esta edici\u00f3n especial habr\u00e1 actividades como loter\u00eda mexicana, bailables, mariachi, y &hellip;<\/p>\n","protected":false},"author":1,"featured_media":10177,"comment_status":"open","ping_status":"open","sticky":false,"template":"","format":"standard","meta":{"footnotes":""},"categories":[38],"tags":[],"class_list":["post-10175","post","type-post","status-publish","format-standard","has-post-thumbnail","","category-nuevo-laredo"],"_links":{"self":[{"href":"https:\/\/www.radiointeractivo.com.mx\/index.php?rest_route=\/wp\/v2\/posts\/10175","targetHints":{"allow":["GET"]}}],"collection":[{"href":"https:\/\/www.radiointeractivo.com.mx\/index.php?rest_route=\/wp\/v2\/posts"}],"about":[{"href":"https:\/\/www.radiointeractivo.com.mx\/index.php?rest_route=\/wp\/v2\/types\/post"}],"author":[{"embeddable":true,"href":"https:\/\/www.radiointeractivo.com.mx\/index.php?rest_route=\/wp\/v2\/users\/1"}],"replies":[{"embeddable":true,"href":"https:\/\/www.radiointeractivo.com.mx\/index.php?rest_route=%2Fwp%2Fv2%2Fcomments&post=10175"}],"version-history":[{"count":1,"href":"https:\/\/www.radiointeractivo.com.mx\/index.php?rest_route=\/wp\/v2\/posts\/10175\/revisions"}],"predecessor-version":[{"id":10178,"href":"https:\/\/www.radiointeractivo.com.mx\/index.php?rest_route=\/wp\/v2\/posts\/10175\/revisions\/10178"}],"wp:featuredmedia":[{"embeddable":true,"href":"https:\/\/www.radiointeractivo.com.mx\/index.php?rest_route=\/wp\/v2\/media\/10177"}],"wp:attachment":[{"href":"https:\/\/www.radiointeractivo.com.mx\/index.php?rest_route=%2Fwp%2Fv2%2Fmedia&parent=10175"}],"wp:term":[{"taxonomy":"category","embeddable":true,"href":"https:\/\/www.radiointeractivo.com.mx\/index.php?rest_route=%2Fwp%2Fv2%2Fcategories&post=10175"},{"taxonomy":"post_tag","embeddable":true,"href":"https:\/\/www.radiointeractivo.com.mx\/index.php?rest_route=%2Fwp%2Fv2%2Ftags&post=10175"}],"curies":[{"name":"wp","href":"https:\/\/api.w.org\/{rel}","templated":true}]}}