{"id":1017,"date":"2023-09-01T20:19:08","date_gmt":"2023-09-01T20:19:08","guid":{"rendered":"https:\/\/www.radiointeractivo.com.mx\/?p=1017"},"modified":"2023-09-01T20:19:09","modified_gmt":"2023-09-01T20:19:09","slug":"entrega-dif-tamaulipas-mas-de-mil-100-apoyos-a-30-familias-damnificadas-por-tromba-en-ejido-de-miquihuana","status":"publish","type":"post","link":"https:\/\/www.radiointeractivo.com.mx\/?p=1017","title":{"rendered":"Entrega DIF Tamaulipas m\u00e1s de mil 100 apoyos a 30 familias damnificadas por tromba en ejido de Miquihuana"},"content":{"rendered":"\n<p>-L\u00e1minas, despensas, art\u00edculos de higiene personal y de limpieza, aparatos funcionales, consultas m\u00e9dicas y medicamentos, entre otros apoyos fueron llevados hasta la comunidad<\/p>\n\n\n\n<p>Por: Agencias <\/p>\n\n\n\n<p>Miquihuana, Tamaulipas. Para atender de manera inmediata las necesidades de las familias que resultaron damnificadas hace algunos d\u00edas por el paso de una tromba en el ejido San Jos\u00e9 del Llano de este municipio, el Sistema DIF Tamaulipas que preside la doctora Mar\u00eda Santiago de Villarreal, activ\u00f3 una jornada de atenci\u00f3n integral.<\/p>\n\n\n\n<p>Hasta esta comunidad, se traslad\u00f3 personal de las \u00e1reas de Vinculaci\u00f3n, Atenci\u00f3n a Poblaci\u00f3n Prioritaria, Programas Alimentarios, Procuradur\u00eda de Atenci\u00f3n a Ni\u00f1as, Ni\u00f1os y Adolescentes, Procuradur\u00eda del Adulto Mayor, entre otras. Ah\u00ed se hizo entrega de mil 159 apoyos entre los que destacan l\u00e1minas, despensas, art\u00edculos de higiene personal y de limpieza, aparatos funcionales, consultas m\u00e9dicas y medicamentos.<\/p>\n\n\n\n<p>Geancarlo Bonetta Cavazos, director general del DIF Estatal, mencion\u00f3 que durante la primera inspecci\u00f3n f\u00edsica del lugar, se detectaron algunas necesidades como la reconstrucci\u00f3n de cinco viviendas, reinstalaci\u00f3n de letrinas, as\u00ed como la reconstrucci\u00f3n total de una vivienda de un adulto mayor.<\/p>\n\n\n\n<p>El funcionario apunt\u00f3 que por instrucciones del gobernador Am\u00e9rico Villarreal, se est\u00e1 dando soluci\u00f3n a cada una de las peticiones que fueron presentadas en su momento, para que las familias de este lugar, recuperen su hogar en las mejores condiciones posibles.<\/p>\n","protected":false},"excerpt":{"rendered":"<p>-L\u00e1minas, despensas, art\u00edculos de higiene personal y de limpieza, aparatos funcionales, consultas m\u00e9dicas y medicamentos, entre otros apoyos fueron llevados hasta la comunidad Por: Agencias Miquihuana, Tamaulipas. Para atender de manera inmediata las necesidades de las familias que resultaron damnificadas hace algunos d\u00edas por el paso de una tromba en el ejido San Jos\u00e9 del &hellip;<\/p>\n","protected":false},"author":1,"featured_media":1018,"comment_status":"open","ping_status":"open","sticky":false,"template":"","format":"standard","meta":{"footnotes":""},"categories":[39],"tags":[],"class_list":["post-1017","post","type-post","status-publish","format-standard","has-post-thumbnail","","category-tamaulipas"],"_links":{"self":[{"href":"https:\/\/www.radiointeractivo.com.mx\/index.php?rest_route=\/wp\/v2\/posts\/1017","targetHints":{"allow":["GET"]}}],"collection":[{"href":"https:\/\/www.radiointeractivo.com.mx\/index.php?rest_route=\/wp\/v2\/posts"}],"about":[{"href":"https:\/\/www.radiointeractivo.com.mx\/index.php?rest_route=\/wp\/v2\/types\/post"}],"author":[{"embeddable":true,"href":"https:\/\/www.radiointeractivo.com.mx\/index.php?rest_route=\/wp\/v2\/users\/1"}],"replies":[{"embeddable":true,"href":"https:\/\/www.radiointeractivo.com.mx\/index.php?rest_route=%2Fwp%2Fv2%2Fcomments&post=1017"}],"version-history":[{"count":1,"href":"https:\/\/www.radiointeractivo.com.mx\/index.php?rest_route=\/wp\/v2\/posts\/1017\/revisions"}],"predecessor-version":[{"id":1019,"href":"https:\/\/www.radiointeractivo.com.mx\/index.php?rest_route=\/wp\/v2\/posts\/1017\/revisions\/1019"}],"wp:featuredmedia":[{"embeddable":true,"href":"https:\/\/www.radiointeractivo.com.mx\/index.php?rest_route=\/wp\/v2\/media\/1018"}],"wp:attachment":[{"href":"https:\/\/www.radiointeractivo.com.mx\/index.php?rest_route=%2Fwp%2Fv2%2Fmedia&parent=1017"}],"wp:term":[{"taxonomy":"category","embeddable":true,"href":"https:\/\/www.radiointeractivo.com.mx\/index.php?rest_route=%2Fwp%2Fv2%2Fcategories&post=1017"},{"taxonomy":"post_tag","embeddable":true,"href":"https:\/\/www.radiointeractivo.com.mx\/index.php?rest_route=%2Fwp%2Fv2%2Ftags&post=1017"}],"curies":[{"name":"wp","href":"https:\/\/api.w.org\/{rel}","templated":true}]}}