{"id":10147,"date":"2024-09-02T14:22:31","date_gmt":"2024-09-02T19:22:31","guid":{"rendered":"https:\/\/www.radiointeractivo.com.mx\/?p=10147"},"modified":"2024-09-02T14:22:32","modified_gmt":"2024-09-02T19:22:32","slug":"aprovechan-reclutadores-y-ciudadanos-programa-de-empleo-en-tu-colonia","status":"publish","type":"post","link":"https:\/\/www.radiointeractivo.com.mx\/?p=10147","title":{"rendered":"APROVECHAN RECLUTADORES Y CIUDADANOS PROGRAMA DE \u201cEMPLEO EN TU COLONIA\u201d"},"content":{"rendered":"\n<figure class=\"wp-block-image size-large\"><img loading=\"lazy\" decoding=\"async\" width=\"1024\" height=\"682\" src=\"https:\/\/www.radiointeractivo.com.mx\/wp-content\/uploads\/2024\/09\/WhatsApp-Image-2024-09-02-at-11.50.07-AM-1024x682.jpeg\" alt=\"\" class=\"wp-image-10148\" srcset=\"https:\/\/www.radiointeractivo.com.mx\/wp-content\/uploads\/2024\/09\/WhatsApp-Image-2024-09-02-at-11.50.07-AM-1024x682.jpeg 1024w, https:\/\/www.radiointeractivo.com.mx\/wp-content\/uploads\/2024\/09\/WhatsApp-Image-2024-09-02-at-11.50.07-AM-300x200.jpeg 300w, https:\/\/www.radiointeractivo.com.mx\/wp-content\/uploads\/2024\/09\/WhatsApp-Image-2024-09-02-at-11.50.07-AM-768x512.jpeg 768w, https:\/\/www.radiointeractivo.com.mx\/wp-content\/uploads\/2024\/09\/WhatsApp-Image-2024-09-02-at-11.50.07-AM-1536x1023.jpeg 1536w, https:\/\/www.radiointeractivo.com.mx\/wp-content\/uploads\/2024\/09\/WhatsApp-Image-2024-09-02-at-11.50.07-AM-310x205.jpeg 310w, https:\/\/www.radiointeractivo.com.mx\/wp-content\/uploads\/2024\/09\/WhatsApp-Image-2024-09-02-at-11.50.07-AM.jpeg 1600w\" sizes=\"auto, (max-width: 1024px) 100vw, 1024px\" \/><\/figure>\n\n\n\n<p>Por: Staff | #NuevoLaredo #Laredo #NLD #Tamaulipas<\/p>\n\n\n\n<p>En una nueva edici\u00f3n del evento \u201cEmpleo en tu Colonia\u201d, el Gobierno Municipal a trav\u00e9s de la Secretar\u00eda de Desarrollo Econ\u00f3mico, ofert\u00f3 m\u00e1s de 500 vacantes de 10 diversas empresas a trabajadores desocupados en la Plaza Hidalgo.<\/p>\n\n\n\n<p>La reclutadora Alejandra \u00c1lvarez Baca, destac\u00f3 que mediante este programa, la captaci\u00f3n de talento tiene mayor alcance debido a los lugares c\u00e9ntricos donde se concentran las empresas.<\/p>\n\n\n\n<p>\u201cYa participamos en varias ediciones y nos motiva seguir participando porque si se acercan las personas y es una buena herramienta que tenemos que aprovechar porque facilitan el contacto con los prospectos\u201d, expres\u00f3.<\/p>\n\n\n\n<p>Por su parte, el ciudadano Carlos Casas Flores, mencion\u00f3 que \u201cEmpleo en tu Colonia\u201d ofrece vacantes de diversos giros como transportes, seguridad, maquiladoras, entre otras.<\/p>\n\n\n\n<p>\u201cEs una ventaja para quienes buscamos empleo porque est\u00e1n en un sector popular y es parte de las rutas de transporte, adem\u00e1s de que todas las empresas est\u00e1n en un s\u00f3lo lugar y uno puede elegir d\u00f3nde pedir informaci\u00f3n sobre las vacantes\u201d, manifest\u00f3.<\/p>\n\n\n\n<p>Mientras que el reclutador David Garc\u00eda, resalt\u00f3 que gracias a la difusi\u00f3n del Gobierno Municipal por estos eventos, se tiene un gran alcance con los trabajadores desocupados.<\/p>\n\n\n\n<p>\u201cEs un adicional que nos ayuda a conectar con la gente y podemos conocer m\u00e1s candidatos para las vacantes, ya hemos contratado por medio del programa y es de gran beneficio para satisfacer las necesidades de capital humano\u201d, coment\u00f3.<\/p>\n\n\n\n<p>Las siguientes ediciones de \u201cEmpleo en tu Colonia\u201d ser\u00e1n el 3 de septiembre en el estacionamiento de Soriana Carrizo que se ubica entre la calle Eva S\u00e1mano y Avenida Revoluci\u00f3n, y la siguiente ser\u00e1 el 6 de septiembre en la Explanada Esteban Baca Calder\u00f3n.<\/p>\n","protected":false},"excerpt":{"rendered":"<p>Por: Staff | #NuevoLaredo #Laredo #NLD #Tamaulipas En una nueva edici\u00f3n del evento \u201cEmpleo en tu Colonia\u201d, el Gobierno Municipal a trav\u00e9s de la Secretar\u00eda de Desarrollo Econ\u00f3mico, ofert\u00f3 m\u00e1s de 500 vacantes de 10 diversas empresas a trabajadores desocupados en la Plaza Hidalgo. La reclutadora Alejandra \u00c1lvarez Baca, destac\u00f3 que mediante este programa, la &hellip;<\/p>\n","protected":false},"author":1,"featured_media":10149,"comment_status":"open","ping_status":"open","sticky":false,"template":"","format":"standard","meta":{"footnotes":""},"categories":[38],"tags":[],"class_list":["post-10147","post","type-post","status-publish","format-standard","has-post-thumbnail","","category-nuevo-laredo"],"_links":{"self":[{"href":"https:\/\/www.radiointeractivo.com.mx\/index.php?rest_route=\/wp\/v2\/posts\/10147","targetHints":{"allow":["GET"]}}],"collection":[{"href":"https:\/\/www.radiointeractivo.com.mx\/index.php?rest_route=\/wp\/v2\/posts"}],"about":[{"href":"https:\/\/www.radiointeractivo.com.mx\/index.php?rest_route=\/wp\/v2\/types\/post"}],"author":[{"embeddable":true,"href":"https:\/\/www.radiointeractivo.com.mx\/index.php?rest_route=\/wp\/v2\/users\/1"}],"replies":[{"embeddable":true,"href":"https:\/\/www.radiointeractivo.com.mx\/index.php?rest_route=%2Fwp%2Fv2%2Fcomments&post=10147"}],"version-history":[{"count":1,"href":"https:\/\/www.radiointeractivo.com.mx\/index.php?rest_route=\/wp\/v2\/posts\/10147\/revisions"}],"predecessor-version":[{"id":10150,"href":"https:\/\/www.radiointeractivo.com.mx\/index.php?rest_route=\/wp\/v2\/posts\/10147\/revisions\/10150"}],"wp:featuredmedia":[{"embeddable":true,"href":"https:\/\/www.radiointeractivo.com.mx\/index.php?rest_route=\/wp\/v2\/media\/10149"}],"wp:attachment":[{"href":"https:\/\/www.radiointeractivo.com.mx\/index.php?rest_route=%2Fwp%2Fv2%2Fmedia&parent=10147"}],"wp:term":[{"taxonomy":"category","embeddable":true,"href":"https:\/\/www.radiointeractivo.com.mx\/index.php?rest_route=%2Fwp%2Fv2%2Fcategories&post=10147"},{"taxonomy":"post_tag","embeddable":true,"href":"https:\/\/www.radiointeractivo.com.mx\/index.php?rest_route=%2Fwp%2Fv2%2Ftags&post=10147"}],"curies":[{"name":"wp","href":"https:\/\/api.w.org\/{rel}","templated":true}]}}