{"id":10123,"date":"2024-09-01T18:24:56","date_gmt":"2024-09-01T23:24:56","guid":{"rendered":"https:\/\/www.radiointeractivo.com.mx\/?p=10123"},"modified":"2024-09-01T18:24:57","modified_gmt":"2024-09-01T23:24:57","slug":"mjuve-impulsa-la-inclusion-y-los-derechos-de-la-comunidad-lgbtiq","status":"publish","type":"post","link":"https:\/\/www.radiointeractivo.com.mx\/?p=10123","title":{"rendered":"MJUVE IMPULSA LA INCLUSI\u00d3N Y LOS DERECHOS DE LA COMUNIDAD LGBTIQ+"},"content":{"rendered":"\n<figure class=\"wp-block-image size-large\"><img loading=\"lazy\" decoding=\"async\" width=\"1024\" height=\"683\" src=\"https:\/\/www.radiointeractivo.com.mx\/wp-content\/uploads\/2024\/09\/WhatsApp-Image-2024-09-01-at-12.07.02-PM-1024x683.jpeg\" alt=\"\" class=\"wp-image-10124\" srcset=\"https:\/\/www.radiointeractivo.com.mx\/wp-content\/uploads\/2024\/09\/WhatsApp-Image-2024-09-01-at-12.07.02-PM-1024x683.jpeg 1024w, https:\/\/www.radiointeractivo.com.mx\/wp-content\/uploads\/2024\/09\/WhatsApp-Image-2024-09-01-at-12.07.02-PM-300x200.jpeg 300w, https:\/\/www.radiointeractivo.com.mx\/wp-content\/uploads\/2024\/09\/WhatsApp-Image-2024-09-01-at-12.07.02-PM-768x512.jpeg 768w, https:\/\/www.radiointeractivo.com.mx\/wp-content\/uploads\/2024\/09\/WhatsApp-Image-2024-09-01-at-12.07.02-PM-1536x1024.jpeg 1536w, https:\/\/www.radiointeractivo.com.mx\/wp-content\/uploads\/2024\/09\/WhatsApp-Image-2024-09-01-at-12.07.02-PM.jpeg 1599w\" sizes=\"auto, (max-width: 1024px) 100vw, 1024px\" \/><\/figure>\n\n\n\n<p>Por: Staff | #NuevoLaredo #Laredo #NLD #Tamaulipas<\/p>\n\n\n\n<p>Con motivo del D\u00eda Internacional de la Juventud, el Gobierno Municipal por medio del IMJUVE celebr\u00f3 el concurso drag \u201cDuelo de Reinas\u201d, para fortalecer la inclusi\u00f3n y diversidad mediante exhibiciones de expresi\u00f3n art\u00edstica.<\/p>\n\n\n\n<p>Jes\u00fas Espinoza Hern\u00e1ndez, director del Instituto Municipal para el Desarrollo de la Juventud (IMJUVE) dijo que el concurso cont\u00f3 con la participaci\u00f3n de m\u00e1s de ocho j\u00f3venes dragas locales, quienes ofrecieron una muestra de talento y creatividad.<\/p>\n\n\n\n<p>\u201cDesde esta administraci\u00f2n encabezada por la alcaldesa Carmen Lilia Canturosas Villarreal hemos buscado fortalecer la inclusi\u00f2n y la diversidad, as\u00ec como el respeto a los derechos de la comunidad LGBTIQ+, estamos dignificando el arte drag desde una perspectiva joven pero tambi\u00e8n desde una perspectiva cultural\u201d, se\u00f1al\u00f2 el titular del IMJUVE.<\/p>\n\n\n\n<p>Espinoza Hern\u00e0ndez explic\u00f3 que el objetivo principal de este evento fue visibilizar el arte drag desde un panorama cultural y juvenil, promoviendo la aceptaci\u00f3n y el entendimiento de esta forma de expresi\u00f3n art\u00edstica.<\/p>\n\n\n\n<p>\u201cDuelo de Reinas\u201d se llev\u00f3 a cabo en el teatro Lucio Blanco y sirvi\u00f3 como plataforma para resaltar la importancia del arte drag y su impacto en la comunidad. De este concurso result\u00f3 ganadora Baby Alyna quien cautiv\u00f3 al jurado por su participaci\u00f3n en el escenario llev\u00e1ndose a casa un premio econ\u00f3mico.<\/p>\n\n\n\n<p>Adem\u00e1s del concurso, se llev\u00f3 a cabo una conferencia enfocada en la relevancia del arte drag en la sociedad actual en la que se habl\u00f3 del origen del arte drag, su evoluci\u00f3n y el papel fundamental que desempe\u00f1a en la sociedad.<\/p>\n\n\n\n<p>El 12 de agosto se celebra el D\u00eda Internacional de la Juventud, por lo que el IMJUVE realiz\u00f3 diversos eventos como entrega de reconocimientos a j\u00f3venes destacados, una campechaneada, pl\u00e0ticas y talleres, apoyo a emprendedores a trav\u00e9s de bazares entre otros eventos.<\/p>\n\n\n\n<p>Esta celebraci\u00f3n busca reconocer a los j\u00f3venes como actores fundamentales en los procesos de cambio y crear conciencia sobre los desaf\u00edos que enfrentan.<\/p>\n","protected":false},"excerpt":{"rendered":"<p>Por: Staff | #NuevoLaredo #Laredo #NLD #Tamaulipas Con motivo del D\u00eda Internacional de la Juventud, el Gobierno Municipal por medio del IMJUVE celebr\u00f3 el concurso drag \u201cDuelo de Reinas\u201d, para fortalecer la inclusi\u00f3n y diversidad mediante exhibiciones de expresi\u00f3n art\u00edstica. Jes\u00fas Espinoza Hern\u00e1ndez, director del Instituto Municipal para el Desarrollo de la Juventud (IMJUVE) dijo &hellip;<\/p>\n","protected":false},"author":1,"featured_media":10125,"comment_status":"open","ping_status":"open","sticky":false,"template":"","format":"standard","meta":{"footnotes":""},"categories":[38],"tags":[],"class_list":["post-10123","post","type-post","status-publish","format-standard","has-post-thumbnail","","category-nuevo-laredo"],"_links":{"self":[{"href":"https:\/\/www.radiointeractivo.com.mx\/index.php?rest_route=\/wp\/v2\/posts\/10123","targetHints":{"allow":["GET"]}}],"collection":[{"href":"https:\/\/www.radiointeractivo.com.mx\/index.php?rest_route=\/wp\/v2\/posts"}],"about":[{"href":"https:\/\/www.radiointeractivo.com.mx\/index.php?rest_route=\/wp\/v2\/types\/post"}],"author":[{"embeddable":true,"href":"https:\/\/www.radiointeractivo.com.mx\/index.php?rest_route=\/wp\/v2\/users\/1"}],"replies":[{"embeddable":true,"href":"https:\/\/www.radiointeractivo.com.mx\/index.php?rest_route=%2Fwp%2Fv2%2Fcomments&post=10123"}],"version-history":[{"count":1,"href":"https:\/\/www.radiointeractivo.com.mx\/index.php?rest_route=\/wp\/v2\/posts\/10123\/revisions"}],"predecessor-version":[{"id":10126,"href":"https:\/\/www.radiointeractivo.com.mx\/index.php?rest_route=\/wp\/v2\/posts\/10123\/revisions\/10126"}],"wp:featuredmedia":[{"embeddable":true,"href":"https:\/\/www.radiointeractivo.com.mx\/index.php?rest_route=\/wp\/v2\/media\/10125"}],"wp:attachment":[{"href":"https:\/\/www.radiointeractivo.com.mx\/index.php?rest_route=%2Fwp%2Fv2%2Fmedia&parent=10123"}],"wp:term":[{"taxonomy":"category","embeddable":true,"href":"https:\/\/www.radiointeractivo.com.mx\/index.php?rest_route=%2Fwp%2Fv2%2Fcategories&post=10123"},{"taxonomy":"post_tag","embeddable":true,"href":"https:\/\/www.radiointeractivo.com.mx\/index.php?rest_route=%2Fwp%2Fv2%2Ftags&post=10123"}],"curies":[{"name":"wp","href":"https:\/\/api.w.org\/{rel}","templated":true}]}}