{"id":10104,"date":"2024-08-30T15:36:30","date_gmt":"2024-08-30T20:36:30","guid":{"rendered":"https:\/\/www.radiointeractivo.com.mx\/?p=10104"},"modified":"2024-08-30T15:36:31","modified_gmt":"2024-08-30T20:36:31","slug":"mujeres-inician-capacitacion-en-autotransporte-de-carga","status":"publish","type":"post","link":"https:\/\/www.radiointeractivo.com.mx\/?p=10104","title":{"rendered":"MUJERES INICIAN CAPACITACI\u00d3N EN AUTOTRANSPORTE DE CARGA"},"content":{"rendered":"\n<figure class=\"wp-block-image size-large\"><img loading=\"lazy\" decoding=\"async\" width=\"1024\" height=\"768\" src=\"https:\/\/www.radiointeractivo.com.mx\/wp-content\/uploads\/2024\/08\/WhatsApp-Image-2024-08-30-at-11.33.23-AM-1024x768.jpeg\" alt=\"\" class=\"wp-image-10105\" srcset=\"https:\/\/www.radiointeractivo.com.mx\/wp-content\/uploads\/2024\/08\/WhatsApp-Image-2024-08-30-at-11.33.23-AM-1024x768.jpeg 1024w, https:\/\/www.radiointeractivo.com.mx\/wp-content\/uploads\/2024\/08\/WhatsApp-Image-2024-08-30-at-11.33.23-AM-300x225.jpeg 300w, https:\/\/www.radiointeractivo.com.mx\/wp-content\/uploads\/2024\/08\/WhatsApp-Image-2024-08-30-at-11.33.23-AM-768x576.jpeg 768w, https:\/\/www.radiointeractivo.com.mx\/wp-content\/uploads\/2024\/08\/WhatsApp-Image-2024-08-30-at-11.33.23-AM-1536x1152.jpeg 1536w, https:\/\/www.radiointeractivo.com.mx\/wp-content\/uploads\/2024\/08\/WhatsApp-Image-2024-08-30-at-11.33.23-AM.jpeg 1600w\" sizes=\"auto, (max-width: 1024px) 100vw, 1024px\" \/><\/figure>\n\n\n\n<p>Por: Staff | #NuevoLaredo #Laredo #NLD #Tamaulipas<\/p>\n\n\n\n<p>El Instituto Municipal de la Mujer de Nuevo Laredo en colaboraci\u00f3n con el Centro de Capacitaci\u00f3n para el Trabajo 193 (CECATI), dio inicio a la capacitaci\u00f3n de mujeres que desarrollar\u00e1n habilidades en el rubro de autotransporte de carga.<\/p>\n\n\n\n<p>Esta iniciativa es financiada con recursos del Programa para el Adelanto, Bienestar e Igualdad de las Mujeres (PROABIM), quien ha brindado una beca del 100% a las mujeres, quienes previo a una convocatoria se postularon y de acuerdo a su perfil fueron seleccionadas para beneficiarse de este programa.<\/p>\n\n\n\n<p>Las clases dieron inicio este 26 de agosto, donde aprender\u00e1n tanto los aspectos te\u00f3ricos como pr\u00e1cticos del autotransporte, siendo esta una nueva opci\u00f3n de trabajo dado a la alta demanda de personas transfer en la ciudad.<\/p>\n\n\n\n<p>Durante un periodo de tres meses y con clases de lunes a viernes, en horario vespertino, de 2:00 p.m. a 8:00 p.m., las ahora alumnas del curso de autotransporte de carga estar\u00e1n adquiriendo el conocimiento tanto del idioma ingl\u00e9s, como de las reglas y legislaci\u00f3n del transporte, para posteriormente pasar a la parte pr\u00e1ctica.<\/p>\n\n\n\n<p>Las clases se imparten en instalaciones del CECATI 193 de Nuevo Laredo.<\/p>\n\n\n\n<p>Como parte del arranque de este proyecto la Lic. Cynthia Rodr\u00edguez Leija, directora del INMUJER Nuevo Laredo, exhort\u00f3 a las seleccionadas a aprovechar esta oportunidad de capacitaci\u00f3n, ser constantes y concluir con \u00e9xito este adiestramiento, el cual puede ser una excelente fuente de empleo.<\/p>\n","protected":false},"excerpt":{"rendered":"<p>Por: Staff | #NuevoLaredo #Laredo #NLD #Tamaulipas El Instituto Municipal de la Mujer de Nuevo Laredo en colaboraci\u00f3n con el Centro de Capacitaci\u00f3n para el Trabajo 193 (CECATI), dio inicio a la capacitaci\u00f3n de mujeres que desarrollar\u00e1n habilidades en el rubro de autotransporte de carga. Esta iniciativa es financiada con recursos del Programa para el &hellip;<\/p>\n","protected":false},"author":1,"featured_media":10106,"comment_status":"open","ping_status":"open","sticky":false,"template":"","format":"standard","meta":{"footnotes":""},"categories":[38],"tags":[],"class_list":["post-10104","post","type-post","status-publish","format-standard","has-post-thumbnail","","category-nuevo-laredo"],"_links":{"self":[{"href":"https:\/\/www.radiointeractivo.com.mx\/index.php?rest_route=\/wp\/v2\/posts\/10104","targetHints":{"allow":["GET"]}}],"collection":[{"href":"https:\/\/www.radiointeractivo.com.mx\/index.php?rest_route=\/wp\/v2\/posts"}],"about":[{"href":"https:\/\/www.radiointeractivo.com.mx\/index.php?rest_route=\/wp\/v2\/types\/post"}],"author":[{"embeddable":true,"href":"https:\/\/www.radiointeractivo.com.mx\/index.php?rest_route=\/wp\/v2\/users\/1"}],"replies":[{"embeddable":true,"href":"https:\/\/www.radiointeractivo.com.mx\/index.php?rest_route=%2Fwp%2Fv2%2Fcomments&post=10104"}],"version-history":[{"count":1,"href":"https:\/\/www.radiointeractivo.com.mx\/index.php?rest_route=\/wp\/v2\/posts\/10104\/revisions"}],"predecessor-version":[{"id":10107,"href":"https:\/\/www.radiointeractivo.com.mx\/index.php?rest_route=\/wp\/v2\/posts\/10104\/revisions\/10107"}],"wp:featuredmedia":[{"embeddable":true,"href":"https:\/\/www.radiointeractivo.com.mx\/index.php?rest_route=\/wp\/v2\/media\/10106"}],"wp:attachment":[{"href":"https:\/\/www.radiointeractivo.com.mx\/index.php?rest_route=%2Fwp%2Fv2%2Fmedia&parent=10104"}],"wp:term":[{"taxonomy":"category","embeddable":true,"href":"https:\/\/www.radiointeractivo.com.mx\/index.php?rest_route=%2Fwp%2Fv2%2Fcategories&post=10104"},{"taxonomy":"post_tag","embeddable":true,"href":"https:\/\/www.radiointeractivo.com.mx\/index.php?rest_route=%2Fwp%2Fv2%2Ftags&post=10104"}],"curies":[{"name":"wp","href":"https:\/\/api.w.org\/{rel}","templated":true}]}}