{"id":10075,"date":"2024-08-29T14:37:40","date_gmt":"2024-08-29T19:37:40","guid":{"rendered":"https:\/\/www.radiointeractivo.com.mx\/?p=10075"},"modified":"2024-08-29T14:37:41","modified_gmt":"2024-08-29T19:37:41","slug":"inicia-registro-para-programa-de-apoyo-integral-para-ninos-y-ninas","status":"publish","type":"post","link":"https:\/\/www.radiointeractivo.com.mx\/?p=10075","title":{"rendered":"INICIA REGISTRO PARA PROGRAMA DE APOYO INTEGRAL PARA NI\u00d1OS Y NI\u00d1AS"},"content":{"rendered":"\n<figure class=\"wp-block-image size-large\"><img loading=\"lazy\" decoding=\"async\" width=\"1024\" height=\"768\" src=\"https:\/\/www.radiointeractivo.com.mx\/wp-content\/uploads\/2024\/08\/WhatsApp-Image-2024-08-29-at-11.46.38-AM-1-1024x768.jpeg\" alt=\"\" class=\"wp-image-10076\" srcset=\"https:\/\/www.radiointeractivo.com.mx\/wp-content\/uploads\/2024\/08\/WhatsApp-Image-2024-08-29-at-11.46.38-AM-1-1024x768.jpeg 1024w, https:\/\/www.radiointeractivo.com.mx\/wp-content\/uploads\/2024\/08\/WhatsApp-Image-2024-08-29-at-11.46.38-AM-1-300x225.jpeg 300w, https:\/\/www.radiointeractivo.com.mx\/wp-content\/uploads\/2024\/08\/WhatsApp-Image-2024-08-29-at-11.46.38-AM-1-768x576.jpeg 768w, https:\/\/www.radiointeractivo.com.mx\/wp-content\/uploads\/2024\/08\/WhatsApp-Image-2024-08-29-at-11.46.38-AM-1.jpeg 1280w\" sizes=\"auto, (max-width: 1024px) 100vw, 1024px\" \/><\/figure>\n\n\n\n<p>Por: Staff | #NuevoLaredo #Laredo #NLD #Tamaulipas<\/p>\n\n\n\n<p>El Gobierno Municipal dar\u00e1 inicio al programa \u201cApoyo Integral, Educativo y Emocional\u201d, por lo que hace un llamado a los padres de familia que est\u00e9n interesados en fortalecer la educaci\u00f3n de sus hijos a atender la convocatoria de registro.<\/p>\n\n\n\n<p>Gloria Gallardo Calvillo quien tiene la jefatura de Educaci\u00f3n Emocional mencion\u00f3 que este programa est\u00e1 dirigido a ni\u00f1os y ni\u00f1as de 6 a 12 a\u00f1os de edad con dificultades en el \u00e1rea acad\u00e9mica y emocional: lecto- escritura, espa\u00f1ol, matem\u00e1ticas y psicol\u00f3gica.<\/p>\n\n\n\n<p>\u201cNosotros trabajamos con ni\u00f1os que tienen rezago educativo, problemas emocionales, conductuales e incluso trabajamos con ni\u00f1os que traen alg\u00fan diagn\u00f3stico neuropsicol\u00f3gico, nosotros trabajamos el rezago educativo desde varios \u00e1ngulos, al identificar cu\u00e1les son las problem\u00e1tica emocionales conductuales que el ni\u00f1o tiene\u201d, se\u00f1al\u00f3 la funcionaria municipal.<\/p>\n\n\n\n<p>Explic\u00f3 que en el \u00e1rea acad\u00e9mica se trabaja con las materias de espa\u00f1ol y matem\u00e1ticas enfoc\u00e1ndose en la lecto- escritura y operaciones b\u00e1sicas; en el \u00e1rea emocional se trabaja para que el menor socialice y aprenda a controlar sus emociones; mientras que en neurodesarrollo se trabaja en la motricidad fina, motricidad gruesa y lenguaje.<\/p>\n\n\n\n<p>Los registros se realizar\u00e1n del 2 a 12 de septiembre en diversas sedes como: turno matutino en las escuelas primarias Juan B. Tijerina, Antonio Eleodoro V\u00e9lez Castro, Revoluci\u00f3n, Fundadores de Nuevo Laredo, Olivia Ram\u00edrez, Guadalupe Victoria. En el turno vespertino en la primaria Presidenta Guadalupe Victoria, Biblioteca Octavio Paz. Centros Comunitarios: Campo Real, Nueva Victoria, Palmares y Villas de San Miguel.<\/p>\n\n\n\n<p>Tambi\u00e9n en los Centros Integrales Comunitarios UNE ubicados en las colonias Solidaridad y San Mauricio.<\/p>\n\n\n\n<p>El horario para el registro es de lunes a viernes; matutino ser\u00e1 de 8:00 a 10:00 de la ma\u00f1ana y 10:00 de la ma\u00f1ana a 12:00 del mediod\u00eda. Mientras que el vespertino ser\u00e1 de 2:00 a 4:00 de la tarde y 4:00 a 6:00 de la tarde.<\/p>\n\n\n\n<p>El curso es de septiembre a diciembre y las clases dar\u00e1n inicio el pr\u00f3ximo 16 de septiembre. Los requisitos para el registro son 2 copias de la siguiente papeler\u00eda: acta de nacimientos, CURP, calificaciones del \u00faltimo grado cursado, credencial de elector del padre, madre o tutor, comprobante de domicilio, diagnostico neuropsicol\u00f3gico previo (en caso de existir), presentar al menor para aplicaci\u00f3n de examen diagn\u00f3stico.<\/p>\n","protected":false},"excerpt":{"rendered":"<p>Por: Staff | #NuevoLaredo #Laredo #NLD #Tamaulipas El Gobierno Municipal dar\u00e1 inicio al programa \u201cApoyo Integral, Educativo y Emocional\u201d, por lo que hace un llamado a los padres de familia que est\u00e9n interesados en fortalecer la educaci\u00f3n de sus hijos a atender la convocatoria de registro. Gloria Gallardo Calvillo quien tiene la jefatura de Educaci\u00f3n &hellip;<\/p>\n","protected":false},"author":1,"featured_media":10077,"comment_status":"open","ping_status":"open","sticky":false,"template":"","format":"standard","meta":{"footnotes":""},"categories":[38],"tags":[],"class_list":["post-10075","post","type-post","status-publish","format-standard","has-post-thumbnail","","category-nuevo-laredo"],"_links":{"self":[{"href":"https:\/\/www.radiointeractivo.com.mx\/index.php?rest_route=\/wp\/v2\/posts\/10075","targetHints":{"allow":["GET"]}}],"collection":[{"href":"https:\/\/www.radiointeractivo.com.mx\/index.php?rest_route=\/wp\/v2\/posts"}],"about":[{"href":"https:\/\/www.radiointeractivo.com.mx\/index.php?rest_route=\/wp\/v2\/types\/post"}],"author":[{"embeddable":true,"href":"https:\/\/www.radiointeractivo.com.mx\/index.php?rest_route=\/wp\/v2\/users\/1"}],"replies":[{"embeddable":true,"href":"https:\/\/www.radiointeractivo.com.mx\/index.php?rest_route=%2Fwp%2Fv2%2Fcomments&post=10075"}],"version-history":[{"count":1,"href":"https:\/\/www.radiointeractivo.com.mx\/index.php?rest_route=\/wp\/v2\/posts\/10075\/revisions"}],"predecessor-version":[{"id":10078,"href":"https:\/\/www.radiointeractivo.com.mx\/index.php?rest_route=\/wp\/v2\/posts\/10075\/revisions\/10078"}],"wp:featuredmedia":[{"embeddable":true,"href":"https:\/\/www.radiointeractivo.com.mx\/index.php?rest_route=\/wp\/v2\/media\/10077"}],"wp:attachment":[{"href":"https:\/\/www.radiointeractivo.com.mx\/index.php?rest_route=%2Fwp%2Fv2%2Fmedia&parent=10075"}],"wp:term":[{"taxonomy":"category","embeddable":true,"href":"https:\/\/www.radiointeractivo.com.mx\/index.php?rest_route=%2Fwp%2Fv2%2Fcategories&post=10075"},{"taxonomy":"post_tag","embeddable":true,"href":"https:\/\/www.radiointeractivo.com.mx\/index.php?rest_route=%2Fwp%2Fv2%2Ftags&post=10075"}],"curies":[{"name":"wp","href":"https:\/\/api.w.org\/{rel}","templated":true}]}}